{"id":82211,"date":"2023-06-05T14:27:55","date_gmt":"2023-06-05T12:27:55","guid":{"rendered":"https:\/\/prizrenpost.com\/al\/?p=82211"},"modified":"2023-06-05T14:27:55","modified_gmt":"2023-06-05T12:27:55","slug":"escobar-dhe-lajcak-sonte-takohen-me-kurtin","status":"publish","type":"post","link":"https:\/\/prizrenpost.com\/al\/escobar-dhe-lajcak-sonte-takohen-me-kurtin\/","title":{"rendered":"Escobar dhe Laj\u00e7ak sonte takohen me Kurtin"},"content":{"rendered":"<p><img decoding=\"async\" src=\"https:\/\/prizrenpost.com\/al\/wp-content\/uploads\/2022\/12\/lajcak-kurti-escobar.webp\" alt=\"\" width=\"100%\" height=\"\" class=\"alignnone size-full wp-image-65802\" srcset=\"https:\/\/prizrenpost.com\/al\/wp-content\/uploads\/2022\/12\/lajcak-kurti-escobar.webp 1023w, https:\/\/prizrenpost.com\/al\/wp-content\/uploads\/2022\/12\/lajcak-kurti-escobar-300x169.webp 300w, https:\/\/prizrenpost.com\/al\/wp-content\/uploads\/2022\/12\/lajcak-kurti-escobar-768x432.webp 768w\" sizes=\"(max-width: 1023px) 100vw, 1023px\" \/><\/p>\n<p><strong>PRISHTINE &#8211; I d\u00ebrguari amerikan p\u00ebr Ballkanin Per\u00ebndimor, Gabriel Escobar, dhe i d\u00ebrguari i Bashkimit Evropian p\u00ebr dialogun mes Kosov\u00ebs dhe Serbis\u00eb, Mirosllav Laj\u00e7ak, sot dhe nes\u00ebr do t\u00eb q\u00ebndrojn\u00eb p\u00ebr vizit\u00eb n\u00eb Prishtin\u00eb dhe Beograd.<\/strong><\/p>\n<p>Escobar dhe Laj\u00e7ak do t\u00eb zhvillojn\u00eb takime me krer\u00eb t\u00eb lart\u00eb shtet\u00ebror\u00eb. Ata do t\u00eb priten sonte n\u00eb or\u00ebn 20:00 nga kryeministri i Kosov\u00ebs, Albin Kurti.<\/p>\n<p>K\u00ebshtu \u00ebsht\u00eb b\u00ebr\u00eb e ditur n\u00eb nj\u00eb njoftim p\u00ebr media nga Zyra e Kryeministrit.<\/p>\n<p>\u201cKryeministri i Republik\u00ebs s\u00eb Kosov\u00ebs, Albin Kurti, pret n\u00eb takim P\u00ebrfaq\u00ebsuesin e Posa\u00e7\u00ebm t\u00eb Bashkimit Evropian p\u00ebr Dialogun Kosov\u00eb-Serbi, Miroslav Laj\u00e7ak dhe Z\u00ebvend\u00ebs Ndihm\u00ebs Sekretarin e Shteteve t\u00eb Bashkuara p\u00ebr \u00c7\u00ebshtje Evropiane dhe Euroaziatike dhe nj\u00ebher\u00ebsh t\u00eb d\u00ebrguarin e posa\u00e7\u00ebm t\u00eb Shteteve t\u00eb Bashkuara t\u00eb Amerik\u00ebs p\u00ebr Ballkanin Per\u00ebndimor, Gabriel Escobar. Takimi mbahet n\u00eb or\u00ebn 20:00 n\u00eb nd\u00ebrtes\u00ebn e Qeveris\u00eb\u201d, thuhet n\u00eb njoftim.<\/p>\n","protected":false},"excerpt":{"rendered":"<p>PRISHTINE &#8211; I d\u00ebrguari amerikan p\u00ebr Ballkanin Per\u00ebndimor, Gabriel Escobar, dhe i d\u00ebrguari i Bashkimit Evropian p\u00ebr dialogun mes Kosov\u00ebs dhe Serbis\u00eb, Mirosllav Laj\u00e7ak, sot dhe nes\u00ebr do t\u00eb q\u00ebndrojn\u00eb p\u00ebr vizit\u00eb n\u00eb Prishtin\u00eb dhe Beograd. Escobar dhe Laj\u00e7ak do t\u00eb zhvillojn\u00eb takime me krer\u00eb t\u00eb lart\u00eb shtet\u00ebror\u00eb. Ata do t\u00eb priten sonte n\u00eb or\u00ebn [&hellip;]<\/p>\n","protected":false},"author":1,"featured_media":65802,"comment_status":"open","ping_status":"open","sticky":false,"template":"","format":"standard","meta":{"footnotes":""},"categories":[14],"tags":[3803,877,5914,48,5863],"class_list":["post-82211","post","type-post","status-publish","format-standard","has-post-thumbnail","hentry","category-kombetare","tag-aktuale","tag-albin-kurti","tag-gabriel-escobar","tag-kosove","tag-miroslav-lajcak"],"_links":{"self":[{"href":"https:\/\/prizrenpost.com\/al\/wp-json\/wp\/v2\/posts\/82211","targetHints":{"allow":["GET"]}}],"collection":[{"href":"https:\/\/prizrenpost.com\/al\/wp-json\/wp\/v2\/posts"}],"about":[{"href":"https:\/\/prizrenpost.com\/al\/wp-json\/wp\/v2\/types\/post"}],"author":[{"embeddable":true,"href":"https:\/\/prizrenpost.com\/al\/wp-json\/wp\/v2\/users\/1"}],"replies":[{"embeddable":true,"href":"https:\/\/prizrenpost.com\/al\/wp-json\/wp\/v2\/comments?post=82211"}],"version-history":[{"count":1,"href":"https:\/\/prizrenpost.com\/al\/wp-json\/wp\/v2\/posts\/82211\/revisions"}],"predecessor-version":[{"id":82212,"href":"https:\/\/prizrenpost.com\/al\/wp-json\/wp\/v2\/posts\/82211\/revisions\/82212"}],"wp:featuredmedia":[{"embeddable":true,"href":"https:\/\/prizrenpost.com\/al\/wp-json\/wp\/v2\/media\/65802"}],"wp:attachment":[{"href":"https:\/\/prizrenpost.com\/al\/wp-json\/wp\/v2\/media?parent=82211"}],"wp:term":[{"taxonomy":"category","embeddable":true,"href":"https:\/\/prizrenpost.com\/al\/wp-json\/wp\/v2\/categories?post=82211"},{"taxonomy":"post_tag","embeddable":true,"href":"https:\/\/prizrenpost.com\/al\/wp-json\/wp\/v2\/tags?post=82211"}],"curies":[{"name":"wp","href":"https:\/\/api.w.org\/{rel}","templated":true}]}}