{"id":82236,"date":"2023-06-07T15:15:55","date_gmt":"2023-06-07T13:15:55","guid":{"rendered":"https:\/\/prizrenpost.com\/al\/?p=82236"},"modified":"2023-06-07T15:17:16","modified_gmt":"2023-06-07T13:17:16","slug":"e-konfirmon-ffk-liria-do-jete-ne-superlige","status":"publish","type":"post","link":"https:\/\/prizrenpost.com\/al\/e-konfirmon-ffk-liria-do-jete-ne-superlige\/","title":{"rendered":"E konfirmon FFK, Liria do jet\u00eb n\u00eb Superlig\u00eb"},"content":{"rendered":"<p><img decoding=\"async\" src=\"https:\/\/prizrenpost.com\/al\/wp-content\/uploads\/2023\/06\/liria-arpagjikt.jpeg\" alt=\"\" width=\"100%\" height=\"\" class=\"alignnone size-full wp-image-82237\" srcset=\"https:\/\/prizrenpost.com\/al\/wp-content\/uploads\/2023\/06\/liria-arpagjikt.jpeg 1200w, https:\/\/prizrenpost.com\/al\/wp-content\/uploads\/2023\/06\/liria-arpagjikt-300x189.jpeg 300w, https:\/\/prizrenpost.com\/al\/wp-content\/uploads\/2023\/06\/liria-arpagjikt-1024x644.jpeg 1024w, https:\/\/prizrenpost.com\/al\/wp-content\/uploads\/2023\/06\/liria-arpagjikt-768x483.jpeg 768w\" sizes=\"(max-width: 1200px) 100vw, 1200px\" \/><\/p>\n<p><strong>Sot Federata e Futbollit t\u00eb Kosov\u00ebs mori vendim rreth ankes\u00ebs s\u00eb KF Ferizaj q\u00eb b\u00ebri duke kontestuar rregullsin\u00eb e ndeshjes s\u00eb baraxhit p\u00ebr Superlig\u00eb. KF Ferizaj u ankua n\u00eb FFK p\u00ebr shkak se lojtari Liridon Fetahaj \u00ebsht\u00eb paraqit\u00eb n\u00eb ndeshje pa t\u00eb drejt\u00eb, p\u00ebr shkak t\u00eb skadimit t\u00eb kontrat\u00ebs s\u00eb tij me KF Liria.<\/strong><\/p>\n<p>Komisioni i Garave n\u00eb ecurin e procedimit juridik t\u00eb administrimit t\u00eb provave dhe t\u00eb<br \/>\nvendimmarjes, ka kerkuar deklarata nga zyrtar\u00ebt kompetent t\u00eb FFK-s\u00eb.<\/p>\n<p>Bazuar n\u00eb kushtet e p\u00ebrgjithshme p\u00ebr gara dhe sipas Nenit 13. t\u00eb rregullores s\u00eb garave, &#8211; viti<br \/>\ngarues fillon me 01 korrik, ndersa p\u00ebrfundon me 30 qershor t\u00eb vitit t\u00eb ardhsh\u00ebm. Viti \u00ebsht\u00eb i<br \/>\nndar\u00eb n\u00eb dy stinor- Vjeshtor dhe Pranveror dhe se ndeshja e barazhit \u00ebsht\u00eb vazhdim dhe<br \/>\njuridikisht kualifikohet si ndeshje e edicionit Pranveror q\u00eb \u00ebsht\u00eb brenda edicionit t\u00eb garave p\u00ebr vitin 2022-2023. <\/p>\n<p>Po ashtu edhe sipas Nenit 29. t\u00eb Propozicioneve t\u00eb Garave lojtari Liridon Fetahaj ka qen\u00eb i licencuar p\u00ebr edicionin e garave p\u00ebr vitin 2022-2023, k\u00ebshtu q\u00eb pretendimet e pales ankimore nuk u v\u00ebrtetuan, prandaj, ankesa e K.F.- Ferizaji, refuzohet si e pa Bazuar dhe ndeshja e barazhit mes K.F. Ferizaji \u2013 K.F. Liria, regjistrohet me rezultat t\u00eb arritur n\u00eb fush\u00eb, n\u00eb koh\u00eb t\u00eb rregullt 0: 0 dhe pas vazhdimeve, me penallti 0 : 3 n\u00eb favor t\u00eb K.F-Liria.<\/p>\n<p><iframe loading=\"lazy\" src=\"https:\/\/www.facebook.com\/plugins\/post.php?href=https%3A%2F%2Fwww.facebook.com%2FKlubiFutbollistikLIRIA%2Fposts%2Fpfbid08cNbjMzZNuGr8Bgwc48xi8yX4QCV7WpwfeFVeZyDa9E9K2WdynawpSwfJGapdLrdl&#038;show_text=true&#038;width=500\" width=\"500\" height=\"200\" style=\"border:none;overflow:hidden\" scrolling=\"no\" frameborder=\"0\" allowfullscreen=\"true\" allow=\"autoplay; clipboard-write; encrypted-media; picture-in-picture; web-share\"><\/iframe><\/p>\n","protected":false},"excerpt":{"rendered":"<p>Sot Federata e Futbollit t\u00eb Kosov\u00ebs mori vendim rreth ankes\u00ebs s\u00eb KF Ferizaj q\u00eb b\u00ebri duke kontestuar rregullsin\u00eb e ndeshjes s\u00eb baraxhit p\u00ebr Superlig\u00eb. KF Ferizaj u ankua n\u00eb FFK p\u00ebr shkak se lojtari Liridon Fetahaj \u00ebsht\u00eb paraqit\u00eb n\u00eb ndeshje pa t\u00eb drejt\u00eb, p\u00ebr shkak t\u00eb skadimit t\u00eb kontrat\u00ebs s\u00eb tij me KF Liria. Komisioni [&hellip;]<\/p>\n","protected":false},"author":1,"featured_media":82237,"comment_status":"open","ping_status":"open","sticky":false,"template":"","format":"standard","meta":{"footnotes":""},"categories":[7],"tags":[1879,6407,1298,6404],"class_list":["post-82236","post","type-post","status-publish","format-standard","has-post-thumbnail","hentry","category-sport","tag-ffk","tag-kf-ferizaj","tag-kf-liria","tag-superliga"],"_links":{"self":[{"href":"https:\/\/prizrenpost.com\/al\/wp-json\/wp\/v2\/posts\/82236","targetHints":{"allow":["GET"]}}],"collection":[{"href":"https:\/\/prizrenpost.com\/al\/wp-json\/wp\/v2\/posts"}],"about":[{"href":"https:\/\/prizrenpost.com\/al\/wp-json\/wp\/v2\/types\/post"}],"author":[{"embeddable":true,"href":"https:\/\/prizrenpost.com\/al\/wp-json\/wp\/v2\/users\/1"}],"replies":[{"embeddable":true,"href":"https:\/\/prizrenpost.com\/al\/wp-json\/wp\/v2\/comments?post=82236"}],"version-history":[{"count":3,"href":"https:\/\/prizrenpost.com\/al\/wp-json\/wp\/v2\/posts\/82236\/revisions"}],"predecessor-version":[{"id":82240,"href":"https:\/\/prizrenpost.com\/al\/wp-json\/wp\/v2\/posts\/82236\/revisions\/82240"}],"wp:featuredmedia":[{"embeddable":true,"href":"https:\/\/prizrenpost.com\/al\/wp-json\/wp\/v2\/media\/82237"}],"wp:attachment":[{"href":"https:\/\/prizrenpost.com\/al\/wp-json\/wp\/v2\/media?parent=82236"}],"wp:term":[{"taxonomy":"category","embeddable":true,"href":"https:\/\/prizrenpost.com\/al\/wp-json\/wp\/v2\/categories?post=82236"},{"taxonomy":"post_tag","embeddable":true,"href":"https:\/\/prizrenpost.com\/al\/wp-json\/wp\/v2\/tags?post=82236"}],"curies":[{"name":"wp","href":"https:\/\/api.w.org\/{rel}","templated":true}]}}