{"id":82272,"date":"2023-06-13T20:10:25","date_gmt":"2023-06-13T18:10:25","guid":{"rendered":"https:\/\/prizrenpost.com\/al\/?p=82272"},"modified":"2023-06-13T20:10:25","modified_gmt":"2023-06-13T18:10:25","slug":"mbledhja-e-qeverive-ne-formatin-e-parapare-nuk-do-te-mbahet","status":"publish","type":"post","link":"https:\/\/prizrenpost.com\/al\/mbledhja-e-qeverive-ne-formatin-e-parapare-nuk-do-te-mbahet\/","title":{"rendered":"Mbledhja e qeverive n\u00eb formatin e parapar\u00eb nuk do t\u00eb mbahet"},"content":{"rendered":"<p><img decoding=\"async\" src=\"https:\/\/prizrenpost.com\/al\/wp-content\/uploads\/2023\/06\/rama.jpeg\" alt=\"\" width=\"100%\" height=\"\" class=\"alignnone size-full wp-image-82273\" srcset=\"https:\/\/prizrenpost.com\/al\/wp-content\/uploads\/2023\/06\/rama.jpeg 1023w, https:\/\/prizrenpost.com\/al\/wp-content\/uploads\/2023\/06\/rama-300x169.jpeg 300w, https:\/\/prizrenpost.com\/al\/wp-content\/uploads\/2023\/06\/rama-768x432.jpeg 768w\" sizes=\"(max-width: 1023px) 100vw, 1023px\" \/><\/p>\n<p><strong>TIRAN\u00cb &#8211; Kryeministri i Shqip\u00ebris\u00eb, Edi Rama, tha se i ka k\u00ebrkuar homologut t\u00eb tij kosovar, Albin Kurti, q\u00eb t\u00eb ndryshohet formati i mbledhjes s\u00eb dy qeverive, q\u00eb \u00ebsht\u00eb parapar\u00eb t\u00eb mbahet n\u00eb Gjakov\u00eb m\u00eb 14 qershor, por ai nuk ka pranuar.<\/strong><\/p>\n<p>\u201cE kam informuar kryeministrin Kurti se n\u00eb kushtet e agravimit t\u00eb marr\u00ebdh\u00ebnieve t\u00eb Kosov\u00ebs me krejt bashk\u00ebsin\u00eb euroatlantike, ky takim nuk mund t\u00eb mbahet n\u00eb formatin e parashikuar. Pasi kam folur pasdite me shefin e diplomacis\u00eb evropiane, Josep Borrell, i kam k\u00ebrkuar Albinit p\u00ebr t\u2019u takuar nes\u00ebr n\u00eb Gjakov\u00eb n\u00eb nj\u00eb format m\u00eb t\u00eb ngusht\u00eb, p\u00ebrkat\u00ebsisht me ministrat e Jasht\u00ebm dhe ata t\u00eb Mbrojtjes p\u00ebr t\u00eb diskutuar pik\u00ebrisht lidhur me k\u00ebt\u00eb situat\u00eb, e cila po e \u00e7an n\u00eb m\u00ebnyr\u00eb dramatike Kosov\u00ebn me bashk\u00ebsin\u00eb euroatlantike n\u00eb nj\u00eb pik\u00eb t\u00eb paimagjinueshme, ku kjo e fundit ka v\u00ebn\u00eb gishtin, faktikisht, n\u00eb butonin q\u00eb do v\u00ebr\u00eb n\u00eb l\u00ebvizje planin e sanksioneve ndaj shtetit q\u00eb e ka krijuar vet\u00eb\u201d, tha Rama gjat\u00eb konferenc\u00ebs s\u00eb jasht\u00ebzakonshme p\u00ebr media.<\/p>\n<p>Kryeministri i Shqip\u00ebris\u00eb tha se ndjen keqardhje q\u00eb nuk gjeti dakord\u00ebsi me kryeministrin Kurti p\u00ebr nj\u00eb ndryshim t\u00eb formatit. Rama tha se homologu i tij kosovar kishte k\u00ebrkuar q\u00eb mbledhja t\u00eb b\u00ebhet normalisht dhe pastaj ve\u00e7 t\u00eb diskutonin p\u00ebr situat\u00ebn e krijuar n\u00eb veri t\u00eb Kosov\u00ebs.<\/p>\n<p>Rama tha se kjo nuk mund t\u00eb ndodhte sepse, sipas tij, nuk \u00ebsht\u00eb momenti p\u00ebr t\u00eb krijuar nj\u00eb pasqyr\u00eb t\u00eb rreme t\u00eb asaj q\u00eb n\u00eb fakt ndodh n\u00eb realitetin e Kosov\u00ebs sot.<\/p>\n<p>Rama tha se ka b\u00ebr\u00eb nj\u00eb p\u00ebrpjekje p\u00ebr t\u2019iu k\u00ebrkuar edhe pak koh\u00eb nd\u00ebrkomb\u00ebtar\u00ebve dhe se ka marr\u00eb edhe pak koh\u00eb, por paralajm\u00ebroi se n\u00ebse kjo kohe nuk shfryt\u00ebzohet, at\u00ebher\u00eb \u201ckam shum\u00eb frik\u00eb se plani, q\u00eb \u00ebsht\u00eb nj\u00eb plan realisht shum\u00eb i r\u00ebnd\u00eb p\u00ebr Kosov\u00ebn, do t\u00eb vihet n\u00eb l\u00ebvizje\u201d.<\/p>\n<p>Megjithat\u00eb, Rama tha se p\u00ebrgjigja e Kurtit p\u00ebr ndryshimin e formatit t\u00eb mbledhjes nuk \u00ebsht\u00eb p\u00ebrfundimtare, duke shtuar se shpreson q\u00eb mbledhja t\u00eb ndodh\u00eb.<\/p>\n<p><strong>\u00c7far\u00eb pritej t\u00eb ndodhte n\u00eb Gjakov\u00eb?<\/strong><\/p>\n<p>Qeveria e Kosov\u00ebs dhe ajo e Shqip\u00ebris\u00eb kishin planifikuar t\u00eb zhvillonin mbledhjen e n\u00ebnt\u00eb t\u00eb p\u00ebrbashk\u00ebt.<\/p>\n<p>Mbledhjes s\u00eb dy qeverive, sipas agjend\u00eb s\u00eb d\u00ebrguar nga Qeveria e Kosov\u00ebs, ishte parapar\u00eb t\u00eb udh\u00ebhiqej nga kryeministri i Kosov\u00ebs, Albin Kurti dhe i Shqip\u00ebris\u00eb, Edi Rama.<\/p>\n<p>Mbledhja n\u00eb Gjakov\u00eb pritej t\u00eb mbahej disa dit\u00eb pasi Rama ua ka d\u00ebrguar nj\u00eb draft p\u00ebr Asociacionin e komunave me shumic\u00eb serbe n\u00eb Kosov\u00eb, presidentit t\u00eb Franc\u00ebs, Emmanuel Macron, dhe kancelarit gjerman, Olaf Scholz.<\/p>\n<p>Rreth k\u00ebtij propozimi, Kurti t\u00eb mart\u00ebn n\u00eb nj\u00eb konferenc\u00eb p\u00ebr media ka th\u00ebn\u00eb se Rama, n\u00eb vend q\u00eb t\u00eb propozoj\u00eb Asociacion p\u00ebr serb\u00ebt n\u00eb Kosov\u00eb, le t\u2019ia propozoj\u00eb nj\u00eb t\u00eb till\u00eb Beogradit, p\u00ebr shqiptar\u00ebt n\u00eb Serbi.<\/p>\n<p>N\u00eb mbledhjen e n\u00ebnt\u00eb mes dy qeverive pritej t\u00eb n\u00ebnshkruheshin 13 marr\u00ebveshje n\u00eb fusha t\u00eb ndryshme: drejt\u00ebsis\u00eb, arsimit, sh\u00ebndet\u00ebsis\u00eb, bujq\u00ebsis\u00eb, kultur\u00ebs, nd\u00ebrmarr\u00ebsis\u00eb dhe mbrojtjes. N\u00eb mesin e tyre ishte edhe nj\u00eb deklarat\u00eb p\u00ebr forcimin e bashk\u00ebpunimit mes dy shteteve n\u00eb fush\u00ebn e siguris\u00eb.<\/p>\n<p>Qeveria e Kosov\u00ebs ka th\u00ebn\u00eb paraprakisht se nga 41 marr\u00ebveshje t\u00eb n\u00ebnshkruara n\u00eb dy mbledhjet pararend\u00ebse, 39 prej tyre jan\u00eb zbatuar plot\u00ebsisht e dy tjera jan\u00eb n\u00eb faz\u00ebn finale t\u00eb zbatimit.<\/p>\n","protected":false},"excerpt":{"rendered":"<p>TIRAN\u00cb &#8211; Kryeministri i Shqip\u00ebris\u00eb, Edi Rama, tha se i ka k\u00ebrkuar homologut t\u00eb tij kosovar, Albin Kurti, q\u00eb t\u00eb ndryshohet formati i mbledhjes s\u00eb dy qeverive, q\u00eb \u00ebsht\u00eb parapar\u00eb t\u00eb mbahet n\u00eb Gjakov\u00eb m\u00eb 14 qershor, por ai nuk ka pranuar. \u201cE kam informuar kryeministrin Kurti se n\u00eb kushtet e agravimit t\u00eb marr\u00ebdh\u00ebnieve t\u00eb [&hellip;]<\/p>\n","protected":false},"author":1,"featured_media":82273,"comment_status":"open","ping_status":"open","sticky":false,"template":"","format":"standard","meta":{"footnotes":""},"categories":[14],"tags":[3803,877,369,287,1933,370],"class_list":["post-82272","post","type-post","status-publish","format-standard","has-post-thumbnail","hentry","category-kombetare","tag-aktuale","tag-albin-kurti","tag-edi-rama","tag-kosova","tag-mbledhja-e-qeverive","tag-shqiperia"],"_links":{"self":[{"href":"https:\/\/prizrenpost.com\/al\/wp-json\/wp\/v2\/posts\/82272","targetHints":{"allow":["GET"]}}],"collection":[{"href":"https:\/\/prizrenpost.com\/al\/wp-json\/wp\/v2\/posts"}],"about":[{"href":"https:\/\/prizrenpost.com\/al\/wp-json\/wp\/v2\/types\/post"}],"author":[{"embeddable":true,"href":"https:\/\/prizrenpost.com\/al\/wp-json\/wp\/v2\/users\/1"}],"replies":[{"embeddable":true,"href":"https:\/\/prizrenpost.com\/al\/wp-json\/wp\/v2\/comments?post=82272"}],"version-history":[{"count":1,"href":"https:\/\/prizrenpost.com\/al\/wp-json\/wp\/v2\/posts\/82272\/revisions"}],"predecessor-version":[{"id":82274,"href":"https:\/\/prizrenpost.com\/al\/wp-json\/wp\/v2\/posts\/82272\/revisions\/82274"}],"wp:featuredmedia":[{"embeddable":true,"href":"https:\/\/prizrenpost.com\/al\/wp-json\/wp\/v2\/media\/82273"}],"wp:attachment":[{"href":"https:\/\/prizrenpost.com\/al\/wp-json\/wp\/v2\/media?parent=82272"}],"wp:term":[{"taxonomy":"category","embeddable":true,"href":"https:\/\/prizrenpost.com\/al\/wp-json\/wp\/v2\/categories?post=82272"},{"taxonomy":"post_tag","embeddable":true,"href":"https:\/\/prizrenpost.com\/al\/wp-json\/wp\/v2\/tags?post=82272"}],"curies":[{"name":"wp","href":"https:\/\/api.w.org\/{rel}","templated":true}]}}