{"id":82279,"date":"2023-06-14T18:44:14","date_gmt":"2023-06-14T16:44:14","guid":{"rendered":"https:\/\/prizrenpost.com\/al\/?p=82279"},"modified":"2023-06-14T18:44:14","modified_gmt":"2023-06-14T16:44:14","slug":"kosova-dhe-serbia-me-versione-te-ndryshme-per-arrestimin-e-tre-policeve","status":"publish","type":"post","link":"https:\/\/prizrenpost.com\/al\/kosova-dhe-serbia-me-versione-te-ndryshme-per-arrestimin-e-tre-policeve\/","title":{"rendered":"Kosova dhe Serbia me versione t\u00eb ndryshme p\u00ebr arrestimin e tre polic\u00ebve"},"content":{"rendered":"<p><img decoding=\"async\" src=\"https:\/\/prizrenpost.com\/al\/wp-content\/uploads\/2023\/06\/policet-ks.jpeg\" alt=\"\" width=\"100%\" height=\"\" class=\"alignnone size-full wp-image-82280\" srcset=\"https:\/\/prizrenpost.com\/al\/wp-content\/uploads\/2023\/06\/policet-ks.jpeg 1023w, https:\/\/prizrenpost.com\/al\/wp-content\/uploads\/2023\/06\/policet-ks-300x169.jpeg 300w, https:\/\/prizrenpost.com\/al\/wp-content\/uploads\/2023\/06\/policet-ks-768x432.jpeg 768w\" sizes=\"(max-width: 1023px) 100vw, 1023px\" \/><\/p>\n<p><strong>PRISHTIN\u00cb &#8211; Tre zyrtar\u00eb t\u00eb Policis\u00eb s\u00eb Kosov\u00ebs jan\u00eb arrestuar m\u00eb 14 qershor nga forcat serbe n\u00eb veri t\u00eb vendit.<\/strong><\/p>\n<p>Policia e cil\u00ebsoi k\u00ebt\u00eb si &#8220;kidnapim klasik t\u00eb organizuar&#8221; brenda territorit t\u00eb Kosov\u00ebs, kurse n\u00eb Beograd u tha se ata jan\u00eb arrestuar nga nj\u00ebsitet anti-terror t\u00eb xhandarm\u00ebris\u00eb serbe brenda territorit t\u00eb Serbis\u00eb, n\u00eb komun\u00ebn e Rashk\u00ebs.<\/p>\n<p>Ngjarja, sipas Policis\u00eb s\u00eb Kosov\u00ebs ka ndodhur mesdit\u00ebn e s\u00eb m\u00ebrkur\u00ebs, kur ata dyshohet se jan\u00eb rr\u00ebmbyer nga forcat serbe gjat\u00eb nj\u00eb patrullimi n\u00eb vendin e quajtur Tresave\/Bare, n\u00eb vij\u00ebn kufitare n\u00eb veri t\u00eb Kosov\u00ebs.<\/p>\n<p>Vendi Tresave\/Bare gjendet n\u00eb komun\u00ebn e Leposaviqit, brenda territorit t\u00eb Kosov\u00ebs.<\/p>\n<p><img decoding=\"async\" src=\"https:\/\/prizrenpost.com\/al\/wp-content\/uploads\/2023\/06\/kidnapimi.png\" alt=\"\" width=\"100%\" height=\"\" class=\"alignleft size-full wp-image-82281\" srcset=\"https:\/\/prizrenpost.com\/al\/wp-content\/uploads\/2023\/06\/kidnapimi.png 1166w, https:\/\/prizrenpost.com\/al\/wp-content\/uploads\/2023\/06\/kidnapimi-300x184.png 300w, https:\/\/prizrenpost.com\/al\/wp-content\/uploads\/2023\/06\/kidnapimi-1024x629.png 1024w, https:\/\/prizrenpost.com\/al\/wp-content\/uploads\/2023\/06\/kidnapimi-768x472.png 768w\" sizes=\"(max-width: 1166px) 100vw, 1166px\" \/><\/p>\n<p><strong>\u00c7far\u00eb u tha n\u00eb Kosov\u00eb?<\/strong><\/p>\n<p>Ministri i Pun\u00ebve t\u00eb Brendshme t\u00eb Kosov\u00ebs, Xhelal Sve\u00e7la, tha se \u201cSerbia kriminale ka hyr\u00eb n\u00eb territorin e Kosov\u00ebs dhe ka kidnapuar tre zyrtar\u00eb policor\u00eb t\u00eb Republik\u00ebs s\u00eb Kosov\u00ebs\u201d.<\/p>\n<p>\u201cPa asnj\u00eb dyshim, zyrtar\u00ebt tan\u00eb policor\u00eb kan\u00eb qen\u00eb t\u00eb vendosur thell\u00eb brenda territorit t\u00eb Republik\u00ebs s\u00eb Kosov\u00ebs, n\u00eb pik\u00eb kontroll statik, duke kryer detyrat e tyre t\u00eb rregullta\u201d, shkroi ai n\u00eb Facebook.<\/p>\n<p>Ai k\u00ebrkoi nga faktori nd\u00ebrkomb\u00ebtar \u201ct\u00eb rris\u00eb urgjentisht presionin ndaj Serbis\u00eb, q\u00eb jo vet\u00ebm t\u00eb liroj\u00eb zyrtar\u00ebt tan\u00eb policor\u00eb, por edhe t\u00eb ndal\u00eb provokimet e saj\u201d.<\/p>\n<p>Sipas nj\u00eb njoftimi t\u00eb Policis\u00eb s\u00eb Kosov\u00ebs, nj\u00ebsia policore ka qen\u00eb duke kryer nj\u00eb patrull\u00eb \u201cthell\u00eb brenda territorit t\u00eb Kosov\u00ebs\u201d p\u00ebr t\u00eb parandaluar shfryt\u00ebzimin e rrug\u00ebve ilegale, q\u00eb sipas k\u00ebtij institucioni shfryt\u00ebzohen nga grupet kriminale\u201d p\u00ebr kalim ilegal dhe kontraband\u00eb.<\/p>\n<p>Policia tha se ky nj\u00ebsit, i p\u00ebrb\u00ebr\u00eb prej tre zyrtar\u00ebve kufitar\u00eb, ka njoftuar se kan\u00eb v\u00ebrejtur persona t\u00eb maskuar dhe t\u00eb armatosur dhe ka k\u00ebrkuar asistenc\u00eb. Drejt tyre jan\u00eb nisur nj\u00ebsi t\u00eb tjera t\u00eb policis\u00eb.<\/p>\n<p>\u201cMe t\u00eb arritur n\u00eb at\u00eb lokacion, nj\u00ebsitet asistuese kan\u00eb v\u00ebrejtur vet\u00ebm vetur\u00ebn zyrtare, por jo edhe vet\u00eb zyrtar\u00ebt policor\u00eb q\u00eb kan\u00eb qen\u00eb me detyr\u00eb n\u00eb at\u00eb lokacion. N\u00eb drejtim t\u00eb k\u00ebtij lokacioni menj\u00ebher\u00eb kan\u00eb shkuar edhe nj\u00ebsite tjera policore, si dhe jan\u00eb informuar edhe institucionet tjera t\u00eb siguris\u00eb, p\u00ebrfshir\u00eb KFOR-in, pasi dyshohet se zyrtar\u00ebt policor\u00eb jan\u00eb kidnapuar nga forcat serbe\u201d, thuhet n\u00eb njoftim.<\/p>\n<p>N\u00eb nj\u00eb konferenc\u00eb p\u00ebr media, Baki Kelani nga Policia e Kosov\u00ebs, e quajti k\u00ebt\u00eb veprim si &#8220;kidnapim klasik&#8221; nga forcat e nj\u00ebsive speciale serbe.<\/p>\n<p>Ai tha se Serbia edhe n\u00eb t\u00eb kaluar ka rr\u00ebmbyer polic\u00eb t\u00eb Kosov\u00ebs, sikurse m\u00eb 2011, kur sipas tij u rr\u00ebmbyen dy zyrtar\u00eb policor\u00eb kosovar\u00eb.<\/p>\n<p>&#8220;Policia e Kosov\u00ebs \u00ebsht\u00eb e brengosur dhe e d\u00ebnon kidnapimin klasik. Sigurojm\u00eb qytetar\u00ebt tan\u00eb q\u00eb Policia e Kosov\u00ebs do t\u00eb vazhdoj\u00eb me p\u00ebrkushtim t\u00eb lart\u00eb q\u00eb t\u00eb kryej\u00eb detyrat e saj kushtetuese dhe ligjore&#8221;, tha Kelani.<\/p>\n<p>Ai akuzoi Serbin\u00eb se po p\u00ebrdor\u00eb rr\u00ebmbimet e zyrtar\u00ebve policor\u00eb p\u00ebr t\u00eb destabilizuar veriun dhe &#8220;p\u00ebr t\u00eb mbrojtur kriminel\u00ebt&#8221;.<\/p>\n<p>Kelani tha se zyrtar\u00ebt policor\u00eb jan\u00eb polic\u00eb patrullues, e paqeruajt\u00ebs.<\/p>\n<p>&#8220;Un\u00eb dua t\u00eb ju siguroj q\u00eb ata jan\u00eb tre zyrtar\u00eb t\u00eb mosh\u00ebs s\u00eb shtyr\u00eb rreth 50 vje\u00e7 apo edhe mbi 50 vje\u00e7&#8221;, tha ai.<\/p>\n<p>Kelani shtoi se Policia e Kosov\u00ebs do t\u00eb shtoj\u00eb pranin\u00eb e saj n\u00eb vendet ku vler\u00ebsohet se \u00ebsht\u00eb e nevojshme.<\/p>\n<p><strong>\u00c7far\u00eb u tha n\u00eb Serbi?<\/strong><\/p>\n<p>Drejtori i Zyr\u00ebs p\u00ebr Kosov\u00ebn n\u00eb Qeverin\u00eb serbe, Petar Petkoviq, tha se nj\u00ebsitet anti-terror t\u00eb xhandarm\u00ebris\u00eb serbe m\u00eb 14 qershor kan\u00eb arrestuar tre zyrtar\u00eb t\u00eb nj\u00ebsive speciale t\u00eb Policis\u00eb s\u00eb Kosov\u00ebs, q\u00eb sipas tij \u201cishin t\u00eb armatosur deri n\u00eb dh\u00ebmb\u00eb\u201d.<\/p>\n<p>Ai i identifikoi t\u00eb arrestuarit me inicialet R.Z, B.S dhe M.Sh.<\/p>\n<p>\u201cAta u arrestuan n\u00eb or\u00ebn 12:38 n\u00eb thell\u00ebsi t\u00eb territorit t\u00eb Serbis\u00eb qendrore, n\u00eb fshatin Gnjillica n\u00eb af\u00ebrsi t\u00eb Rashk\u00ebs\u201d, tha Petkoviq gjat\u00eb nj\u00eb konference p\u00ebr media n\u00eb Beograd.<\/p>\n<p>Rashka gjendet n\u00eb jugper\u00ebndim t\u00eb Serbis\u00eb, rreth 10 kilometra nga kufiri me Kosov\u00ebn.<\/p>\n<p>Sekretari shtet\u00ebror i Ministris\u00eb s\u00eb Pun\u00ebve t\u00eb Brendshme t\u00eb Serbis\u00eb, Zhelko B\u00ebrkiq, gjat\u00eb nj\u00eb konference p\u00ebr media tha se polic\u00ebt e Kosov\u00ebs kan\u00eb ardhur me vetur\u00eb zyrtare n\u00eb vendkalimin alternativ Tresava-Batnjik, ku e kan\u00eb l\u00ebn\u00eb vetur\u00ebn dhe kan\u00eb vazhduar n\u00eb k\u00ebmb\u00eb p\u00ebrgjat\u00eb rrug\u00ebs Orahov\u00eb- Gnjillic\u00eb, ku, sipas tij, jan\u00eb lokalizuar dhe arrestuar.\/REL<\/p>\n","protected":false},"excerpt":{"rendered":"<p>PRISHTIN\u00cb &#8211; Tre zyrtar\u00eb t\u00eb Policis\u00eb s\u00eb Kosov\u00ebs jan\u00eb arrestuar m\u00eb 14 qershor nga forcat serbe n\u00eb veri t\u00eb vendit. Policia e cil\u00ebsoi k\u00ebt\u00eb si &#8220;kidnapim klasik t\u00eb organizuar&#8221; brenda territorit t\u00eb Kosov\u00ebs, kurse n\u00eb Beograd u tha se ata jan\u00eb arrestuar nga nj\u00ebsitet anti-terror t\u00eb xhandarm\u00ebris\u00eb serbe brenda territorit t\u00eb Serbis\u00eb, n\u00eb komun\u00ebn e [&hellip;]<\/p>\n","protected":false},"author":1,"featured_media":82280,"comment_status":"open","ping_status":"open","sticky":false,"template":"","format":"standard","meta":{"footnotes":""},"categories":[17],"tags":[3803,5187,287,741,799],"class_list":["post-82279","post","type-post","status-publish","format-standard","has-post-thumbnail","hentry","category-kronike","tag-aktuale","tag-kidnapim","tag-kosova","tag-policia","tag-serbia"],"_links":{"self":[{"href":"https:\/\/prizrenpost.com\/al\/wp-json\/wp\/v2\/posts\/82279","targetHints":{"allow":["GET"]}}],"collection":[{"href":"https:\/\/prizrenpost.com\/al\/wp-json\/wp\/v2\/posts"}],"about":[{"href":"https:\/\/prizrenpost.com\/al\/wp-json\/wp\/v2\/types\/post"}],"author":[{"embeddable":true,"href":"https:\/\/prizrenpost.com\/al\/wp-json\/wp\/v2\/users\/1"}],"replies":[{"embeddable":true,"href":"https:\/\/prizrenpost.com\/al\/wp-json\/wp\/v2\/comments?post=82279"}],"version-history":[{"count":1,"href":"https:\/\/prizrenpost.com\/al\/wp-json\/wp\/v2\/posts\/82279\/revisions"}],"predecessor-version":[{"id":82282,"href":"https:\/\/prizrenpost.com\/al\/wp-json\/wp\/v2\/posts\/82279\/revisions\/82282"}],"wp:featuredmedia":[{"embeddable":true,"href":"https:\/\/prizrenpost.com\/al\/wp-json\/wp\/v2\/media\/82280"}],"wp:attachment":[{"href":"https:\/\/prizrenpost.com\/al\/wp-json\/wp\/v2\/media?parent=82279"}],"wp:term":[{"taxonomy":"category","embeddable":true,"href":"https:\/\/prizrenpost.com\/al\/wp-json\/wp\/v2\/categories?post=82279"},{"taxonomy":"post_tag","embeddable":true,"href":"https:\/\/prizrenpost.com\/al\/wp-json\/wp\/v2\/tags?post=82279"}],"curies":[{"name":"wp","href":"https:\/\/api.w.org\/{rel}","templated":true}]}}