{"id":82296,"date":"2023-06-17T10:19:18","date_gmt":"2023-06-17T08:19:18","guid":{"rendered":"https:\/\/prizrenpost.com\/al\/?p=82296"},"modified":"2023-06-17T10:19:18","modified_gmt":"2023-06-17T08:19:18","slug":"tifozet-e-rumanise-u-debuan-nga-fadil-vokrri-para-perfundimit-te-ndeshjes","status":"publish","type":"post","link":"https:\/\/prizrenpost.com\/al\/tifozet-e-rumanise-u-debuan-nga-fadil-vokrri-para-perfundimit-te-ndeshjes\/","title":{"rendered":"Tifoz\u00ebt e Rumanis\u00eb u d\u00ebbuan nga \u201cFadil Vokrri\u201d para p\u00ebrfundimit t\u00eb ndeshjes"},"content":{"rendered":"<p><img decoding=\"async\" src=\"https:\/\/prizrenpost.com\/al\/wp-content\/uploads\/2023\/06\/romania-ks.jpeg\" alt=\"\" width=\"100%\" height=\"\" class=\"alignnone size-full wp-image-82297\" srcset=\"https:\/\/prizrenpost.com\/al\/wp-content\/uploads\/2023\/06\/romania-ks.jpeg 1130w, https:\/\/prizrenpost.com\/al\/wp-content\/uploads\/2023\/06\/romania-ks-300x169.jpeg 300w, https:\/\/prizrenpost.com\/al\/wp-content\/uploads\/2023\/06\/romania-ks-1024x575.jpeg 1024w, https:\/\/prizrenpost.com\/al\/wp-content\/uploads\/2023\/06\/romania-ks-768x432.jpeg 768w\" sizes=\"(max-width: 1130px) 100vw, 1130px\" \/><\/p>\n<p><strong>Tifoz\u00ebt e Rumanis\u00eb jan\u00eb d\u00ebbuar nga fusha e \u201cFadil Vokrrit\u201d para p\u00ebrfundimit, nd\u00ebrsa jan\u00eb zbuluar edhe arsyet e d\u00ebbimit.<\/strong><\/p>\n<p>P\u00ebrfaq\u00ebsuesja e Kosov\u00ebs barazoi 0-0 me Rumanin\u00eb n\u00eb ndeshjen e zhvilluar n\u00eb \u201cFadil Vokrri\u201d, n\u00eb kuad\u00ebr t\u00eb Grupit I t\u00eb \u201cEuro 2024\u201d.<\/p>\n<p>Nj\u00eb grup prej rreth 50 tifoz\u00ebsh kishin udh\u00ebtuar nga Rumania drejt Prishtin\u00ebs p\u00ebr k\u00ebt\u00eb ndeshje, por ata u d\u00ebbuan nga tribuna para mbylljes s\u00eb takimit.<\/p>\n<p>Sipas mediumit rumun Gsp.ro, tifoz\u00ebt ultras n\u00eb num\u00ebr prej 15-20 sosh nga grupi \u201cUniti Sub Tricolor\u201d kan\u00eb brohoritur thirrje t\u00eb ndaluara si \u201cKosova \u00ebsht\u00eb Serbi\u201d.<\/p>\n<p>Tifoz\u00ebt q\u00eb njihen si ultranacionalist u p\u00ebrplasen fizikisht edhe me sigurimin e stadiumit \u201cFadil Vokrri\u201d, nd\u00ebrsa kishin futur n\u00eb stadium edhe mjete piroteknike.<\/p>\n<p>Sipas Gsp.ro, k\u00ebto dyja ishin shkak edhe q\u00eb tifoz\u00ebt u d\u00ebbuan nga stadiumi.<\/p>\n","protected":false},"excerpt":{"rendered":"<p>Tifoz\u00ebt e Rumanis\u00eb jan\u00eb d\u00ebbuar nga fusha e \u201cFadil Vokrrit\u201d para p\u00ebrfundimit, nd\u00ebrsa jan\u00eb zbuluar edhe arsyet e d\u00ebbimit. P\u00ebrfaq\u00ebsuesja e Kosov\u00ebs barazoi 0-0 me Rumanin\u00eb n\u00eb ndeshjen e zhvilluar n\u00eb \u201cFadil Vokrri\u201d, n\u00eb kuad\u00ebr t\u00eb Grupit I t\u00eb \u201cEuro 2024\u201d. Nj\u00eb grup prej rreth 50 tifoz\u00ebsh kishin udh\u00ebtuar nga Rumania drejt Prishtin\u00ebs p\u00ebr k\u00ebt\u00eb [&hellip;]<\/p>\n","protected":false},"author":1,"featured_media":82297,"comment_status":"open","ping_status":"open","sticky":false,"template":"","format":"standard","meta":{"footnotes":""},"categories":[7],"tags":[3593,816,287,1986],"class_list":["post-82296","post","type-post","status-publish","format-standard","has-post-thumbnail","hentry","category-sport","tag-euro-2024","tag-futboll","tag-kosova","tag-rumania"],"_links":{"self":[{"href":"https:\/\/prizrenpost.com\/al\/wp-json\/wp\/v2\/posts\/82296","targetHints":{"allow":["GET"]}}],"collection":[{"href":"https:\/\/prizrenpost.com\/al\/wp-json\/wp\/v2\/posts"}],"about":[{"href":"https:\/\/prizrenpost.com\/al\/wp-json\/wp\/v2\/types\/post"}],"author":[{"embeddable":true,"href":"https:\/\/prizrenpost.com\/al\/wp-json\/wp\/v2\/users\/1"}],"replies":[{"embeddable":true,"href":"https:\/\/prizrenpost.com\/al\/wp-json\/wp\/v2\/comments?post=82296"}],"version-history":[{"count":1,"href":"https:\/\/prizrenpost.com\/al\/wp-json\/wp\/v2\/posts\/82296\/revisions"}],"predecessor-version":[{"id":82298,"href":"https:\/\/prizrenpost.com\/al\/wp-json\/wp\/v2\/posts\/82296\/revisions\/82298"}],"wp:featuredmedia":[{"embeddable":true,"href":"https:\/\/prizrenpost.com\/al\/wp-json\/wp\/v2\/media\/82297"}],"wp:attachment":[{"href":"https:\/\/prizrenpost.com\/al\/wp-json\/wp\/v2\/media?parent=82296"}],"wp:term":[{"taxonomy":"category","embeddable":true,"href":"https:\/\/prizrenpost.com\/al\/wp-json\/wp\/v2\/categories?post=82296"},{"taxonomy":"post_tag","embeddable":true,"href":"https:\/\/prizrenpost.com\/al\/wp-json\/wp\/v2\/tags?post=82296"}],"curies":[{"name":"wp","href":"https:\/\/api.w.org\/{rel}","templated":true}]}}