{"id":82312,"date":"2023-06-17T15:31:10","date_gmt":"2023-06-17T13:31:10","guid":{"rendered":"https:\/\/prizrenpost.com\/al\/?p=82312"},"modified":"2023-06-17T15:58:50","modified_gmt":"2023-06-17T13:58:50","slug":"situata-ne-veri-dhe-indiferenca-nderkombetare","status":"publish","type":"post","link":"https:\/\/prizrenpost.com\/al\/situata-ne-veri-dhe-indiferenca-nderkombetare\/","title":{"rendered":"Situata n\u00eb veri dhe indiferenca nd\u00ebrkomb\u00ebtare!"},"content":{"rendered":"<blockquote><p>Editorial: <strong>Jetmir Maloku<\/strong><br \/>\n<em>Prizren Post &#8211; Kryeredaktor<\/em> <\/p><\/blockquote>\n<p>Paq\u00ebndrueshm\u00ebris\u00eb s\u00eb stabilitetit n\u00eb veri t\u00eb Kosov\u00ebs m\u00eb 14 qershor i hodhi zjarr edhe m\u00eb shum\u00eb kidnapimi q\u00eb forcat serbe b\u00ebn\u00eb ndaj 3 polic\u00ebve kufitar\u00eb t\u00eb Kosov\u00ebs. Ky kidnapim i stilit klasik ndodhi n\u00eb territorin e Republik\u00ebs s\u00eb Kosov\u00ebs, m\u00eb gjegj\u00ebsisht n\u00eb lokacionin e Tresave\/Bare n\u00eb Leposaviq, n\u00eb pjes\u00ebn veriore t\u00eb Kosov\u00ebs.<\/p>\n<p>Ky \u00ebsht\u00eb skandali i dyt\u00eb i k\u00ebtij lloji q\u00eb forcat serbe b\u00ebjn\u00eb ndaj autoriteteve kosovare, e para ishte n\u00eb vitin 2012, kur nj\u00ebsitet speciale t\u00eb Serbis\u00eb kishin arrestuar dy polic\u00eb kufitar\u00eb t\u00eb Kosov\u00ebs n\u00eb fshatin Dumnic\u00eb t\u00eb Podujev\u00ebs dhe e dyta tani m\u00eb 14 qershor duke kidnapuar 3 polic\u00eb kufitar\u00eb n\u00eb Leposaviq.<\/p>\n<p>K\u00ebsaj ngjarje Qeveria e Kosov\u00ebs iu p\u00ebrgjigj shpejt\u00eb duke k\u00ebrkuar lirim e menj\u00ebhersh\u00ebm t\u00eb polic\u00ebve dhe duke bllokuar t\u00eb gjitha hyrje-daljet kufitare me Serbin\u00eb, si dhe moslejimin e futjes s\u00eb mallrave serbe n\u00eb Republik\u00ebn e Kosov\u00ebs. Nd\u00ebrsa p\u00ebr tu quditur ishte mos reagimi nd\u00ebrkomb\u00ebtar p\u00ebr dy dit\u00eb rresht rreth k\u00ebtij skandali. <\/p>\n<p>Nga nj\u00eb k\u00ebndv\u00ebshtrim tjet\u00ebr ky aksion shihet si nj\u00eb kund\u00ebrveprim i forcave serbe ndaj arrestimit t\u00eb kriminelit serb Millun Millenkoviq q\u00eb Policia e Kosov\u00ebs e b\u00ebri m\u00eb 13 qershor. Millenkoviq \u00ebsht\u00eb nj\u00eb nga organizator\u00ebt e sulmit q\u00eb bandat kriminale serbe i b\u00ebn\u00eb forcave t\u00eb KFOR-it n\u00eb Zve\u00e7an m\u00eb 29 maj. Ai poashtu \u00ebsht\u00eb i njohur nga Policia e Kosov\u00ebs p\u00ebr krime t\u00eb tjera penale, si sulme dhe kontraband\u00eb.<\/p>\n<p>Pas k\u00ebtyre ngjarjeve disa stacione t\u00eb Policis\u00eb n\u00eb Zve\u00e7an dhe Mitrovic\u00eb t\u00eb Veriut u sulmuan me shok-bomba nga strukturat paralele-kriminale serbe. K\u00ebto zhvillime po ndodhin n\u00eb koh\u00ebn kur tensionet n\u00eb veriun e Kosov\u00ebs, t\u00eb banuar me shumic\u00eb serbe, jan\u00eb rritur.<\/p>\n<p>Tensionet nis\u00ebn m\u00eb 26 maj, kur kryetar\u00ebt e rinj shqiptar\u00eb t\u00eb komunave n\u00eb veri, n\u00ebn asistimin e Policis\u00eb s\u00eb Kosov\u00ebs, hyn\u00eb n\u00eb nd\u00ebrtesat komunale p\u00ebr t\u00eb ushtruar detyr\u00ebn e tyre, mes kund\u00ebrshtimeve t\u00eb serb\u00ebve lokal\u00eb.<\/p>\n<p>Gjat\u00eb gjith\u00eb k\u00ebsaj kohe \u00ebsht\u00eb shum\u00eb i pasinqert\u00eb q\u00ebndrimi i aleat\u00ebve tan\u00eb nd\u00ebrkomb\u00ebtar rreth k\u00ebtyre zhvillimeve. Ata po vazhdojn\u00eb t\u00eb b\u00ebjn\u00eb trysni mbi kryeministrin e Kosov\u00ebs p\u00ebr t\u00eb de-eskaluar situat\u00ebn n\u00eb veri, me kusht q\u00eb ai t\u00eb l\u00ebr\u00eb anash t\u00eb gjitha instancat e vendosjes s\u00eb rendit dhe ligjit n\u00eb veri e ta formoj\u00eb sa m\u00eb shpejt\u00eb Asociacionin e Komunave me Shumic\u00eb Serbe! Asociacion ky q\u00eb \u00ebsht\u00eb n\u00eb kund\u00ebrshtim me rendin kushtetues t\u00eb Republik\u00ebs s\u00eb Kosov\u00ebs.<\/p>\n<p>Sundimi i ligjit \u00ebsht\u00eb gj\u00eb primare p\u00ebr t\u00eb vazhduar drejt\u00eb normalizimit t\u00eb situat\u00ebs n\u00eb pjes\u00ebn veriore t\u00eb shtetit. Sipas autoriteteve t\u00eb rendit, bandat kriminale serbe kan\u00eb dy opsione, t\u00eb terhiqen apo t\u00eb largohen n\u00eb Serbi ose t\u00eb p\u00ebrballen me drejt\u00ebsin\u00eb n\u00eb Kosov\u00eb.<\/p>\n<p>KFOR-i nga ana tjet\u00ebr po vazhdon duke i kontribuar k\u00ebsaj gjendje me paqart\u00ebsit\u00eb e deklaratave rreth kidnapimit t\u00eb polic\u00ebve kosovar. Ata njoftuan se kan\u00eb qen\u00eb n\u00eb vendin e njarjes ku \u00ebsht\u00eb b\u00ebr\u00eb kidnapimi, por q\u00eb nuk kishin vullnet p\u00ebr ta shfaqur t\u00eb v\u00ebrtet\u00ebn, gj\u00eb kjo q\u00eb tregon se anon m\u00eb shum\u00eb kah ana politike e zgjidhjes, e ajo \u00ebsht\u00eb n\u00eb linj\u00eb me politikat bizare t\u00eb P\u00ebrfaq\u00ebsuesit t\u00eb Lart\u00eb t\u00eb Bashkimit Europian p\u00ebr Politik\u00eb t\u00eb Jashtme dhe Siguri, Josep Borrell.<\/p>\n<p>Roli i Borrell-it n\u00eb bisedimet p\u00ebr normalizim t\u00eb marr\u00ebdh\u00ebnieve Kosov\u00eb-Serbi \u00ebsht\u00eb shum\u00eb i padrejt\u00eb. Ai vazhdon t\u00eb kritikoj\u00eb vet\u00ebm pal\u00ebn kosovare p\u00ebr mos zbatimin e marr\u00ebveshjes p\u00ebr themelimin e Asociacionit t\u00eb Komunave me Shumic\u00eb Serbe. Deri m\u00eb tani ai nuk ka d\u00ebnuar kidnapimin e polic\u00ebve kosovar.<\/p>\n","protected":false},"excerpt":{"rendered":"<p>Editorial: Jetmir Maloku Prizren Post &#8211; Kryeredaktor Paq\u00ebndrueshm\u00ebris\u00eb s\u00eb stabilitetit n\u00eb veri t\u00eb Kosov\u00ebs m\u00eb 14 qershor i hodhi zjarr edhe m\u00eb shum\u00eb kidnapimi q\u00eb forcat serbe b\u00ebn\u00eb ndaj 3 polic\u00ebve kufitar\u00eb t\u00eb Kosov\u00ebs. Ky kidnapim i stilit klasik ndodhi n\u00eb territorin e Republik\u00ebs s\u00eb Kosov\u00ebs, m\u00eb gjegj\u00ebsisht n\u00eb lokacionin e Tresave\/Bare n\u00eb Leposaviq, n\u00eb [&hellip;]<\/p>\n","protected":false},"author":1,"featured_media":82139,"comment_status":"open","ping_status":"open","sticky":false,"template":"","format":"standard","meta":{"footnotes":""},"categories":[6212],"tags":[6045],"class_list":["post-82312","post","type-post","status-publish","format-standard","has-post-thumbnail","hentry","category-editorial","tag-editorial"],"_links":{"self":[{"href":"https:\/\/prizrenpost.com\/al\/wp-json\/wp\/v2\/posts\/82312","targetHints":{"allow":["GET"]}}],"collection":[{"href":"https:\/\/prizrenpost.com\/al\/wp-json\/wp\/v2\/posts"}],"about":[{"href":"https:\/\/prizrenpost.com\/al\/wp-json\/wp\/v2\/types\/post"}],"author":[{"embeddable":true,"href":"https:\/\/prizrenpost.com\/al\/wp-json\/wp\/v2\/users\/1"}],"replies":[{"embeddable":true,"href":"https:\/\/prizrenpost.com\/al\/wp-json\/wp\/v2\/comments?post=82312"}],"version-history":[{"count":8,"href":"https:\/\/prizrenpost.com\/al\/wp-json\/wp\/v2\/posts\/82312\/revisions"}],"predecessor-version":[{"id":82320,"href":"https:\/\/prizrenpost.com\/al\/wp-json\/wp\/v2\/posts\/82312\/revisions\/82320"}],"wp:featuredmedia":[{"embeddable":true,"href":"https:\/\/prizrenpost.com\/al\/wp-json\/wp\/v2\/media\/82139"}],"wp:attachment":[{"href":"https:\/\/prizrenpost.com\/al\/wp-json\/wp\/v2\/media?parent=82312"}],"wp:term":[{"taxonomy":"category","embeddable":true,"href":"https:\/\/prizrenpost.com\/al\/wp-json\/wp\/v2\/categories?post=82312"},{"taxonomy":"post_tag","embeddable":true,"href":"https:\/\/prizrenpost.com\/al\/wp-json\/wp\/v2\/tags?post=82312"}],"curies":[{"name":"wp","href":"https:\/\/api.w.org\/{rel}","templated":true}]}}