{"id":82334,"date":"2023-06-18T20:06:27","date_gmt":"2023-06-18T18:06:27","guid":{"rendered":"https:\/\/prizrenpost.com\/al\/?p=82334"},"modified":"2023-06-18T20:06:27","modified_gmt":"2023-06-18T18:06:27","slug":"ambasada-ne-shkup-vetura-ne-lepenc-eshte-nxjerre-me-trupat-e-pa-jete-ne-te","status":"publish","type":"post","link":"https:\/\/prizrenpost.com\/al\/ambasada-ne-shkup-vetura-ne-lepenc-eshte-nxjerre-me-trupat-e-pa-jete-ne-te\/","title":{"rendered":"Ambasada n\u00eb Shkup: Vetura n\u00eb Lepenc \u00ebsht\u00eb nxjerr\u00eb me trupat e pa jet\u00eb n\u00eb t\u00eb"},"content":{"rendered":"<p><img decoding=\"async\" src=\"https:\/\/prizrenpost.com\/al\/wp-content\/uploads\/2023\/06\/vetura-lepenc.jpeg\" alt=\"\" width=\"100%\" height=\"\" class=\"alignnone size-full wp-image-82335\" srcset=\"https:\/\/prizrenpost.com\/al\/wp-content\/uploads\/2023\/06\/vetura-lepenc.jpeg 1130w, https:\/\/prizrenpost.com\/al\/wp-content\/uploads\/2023\/06\/vetura-lepenc-300x169.jpeg 300w, https:\/\/prizrenpost.com\/al\/wp-content\/uploads\/2023\/06\/vetura-lepenc-1024x575.jpeg 1024w, https:\/\/prizrenpost.com\/al\/wp-content\/uploads\/2023\/06\/vetura-lepenc-768x432.jpeg 768w\" sizes=\"(max-width: 1130px) 100vw, 1130px\" \/><\/p>\n<p><strong>SHKUP &#8211; Ambasada e Kosov\u00ebs n\u00eb Maqedonin\u00eb e Veriut, ka konfirmuar se nga lumi Lepenc \u00ebsht\u00eb nxjerr\u00eb vetura e familjes nga Kosova, ku brenda saj kan\u00eb qen\u00eb edhe trupat t\u00eb cil\u00ebt deri m\u00eb tash kan\u00eb rezultuar t\u00eb zhdukur.<\/strong><\/p>\n<p>\u201cNjoftojm\u00eb opinionin e gjer\u00eb se pas nj\u00eb pune intensive ekipet e k\u00ebrkim-shp\u00ebtimit nga Republika e Maqedonis\u00eb s\u00eb Veriut dhe Republika e Kosov\u00ebs kan\u00eb arritur ta lokalizojn\u00eb vetur\u00ebn n\u00eb lumin Lepenc ku pas shum\u00eb p\u00ebrpjekjeve \u00ebsht\u00eb arritur nxerrja e vetur\u00ebs, me trupat e pajet\u00eb n\u00eb t\u00eb\u201d, thuhet n\u00eb njoftim.<\/p>\n<p>Ambasada e Kosov\u00ebs n\u00eb Shkup shpreh ngush\u00ebllimet e saja t\u00eb thella p\u00ebr k\u00ebt\u00eb tragjedi.<\/p>\n<p>Ambasada poashtu ka shprehur fal\u00ebnderim p\u00ebr t\u00eb gjitha institucionet e p\u00ebrfshira n\u00eb k\u00ebt\u00eb rast.<\/p>\n<p>N\u00eb vetur\u00ebn e tipit BMW e cila u aksidentua t\u00eb shtun\u00ebn rreth or\u00ebs 15:20 n\u00eb rrug\u00ebn Shkup \u2013VK Bllac\u00eb, ndodheshin kat\u00ebr persona, ku fatmir\u00ebsisht nj\u00ebri nga ta ka arritur t\u00eb shp\u00ebtoj dhe \u00ebsht\u00eb duke u trajtuar n\u00eb Spitalin \u201c8 shtatori\u201d n\u00eb Shkup.<\/p>\n<p>Nga Ministria e Pun\u00ebve t\u00eb Brendshme e Maqedonis\u00eb s\u00eb Veriut, njoftuan se n\u00eb aksident ishin p\u00ebrfshir\u00eb vetura \u2018Volkswagen Turan\u2019 me targa t\u00eb Shkupit i drejtuar nga B.B (64) nga Shkupi dhe nj\u00eb vetur\u00eb t\u00eb udh\u00ebtar\u00ebve \u2018BMW\u2019 me targa t\u00eb Kosov\u00ebs e drejtuar nga NP (60) nga Kosova, e cila pas aksidentit ka r\u00ebn\u00eb n\u00eb lumin Lepenc.\/Telegrafi<\/p>\n<p><iframe loading=\"lazy\" src=\"https:\/\/www.facebook.com\/plugins\/post.php?href=https%3A%2F%2Fwww.facebook.com%2FRKSEmbassySkopje%2Fposts%2Fpfbid02Qy5zDF56HUdiF93EzxTXGiVAHue7pHQ9XAnmnQ76Bmrvm1YVJfVBM7r5XhnXB79vl&#038;show_text=true&#038;width=500\" width=\"500\" height=\"316\" style=\"border:none;overflow:hidden\" scrolling=\"no\" frameborder=\"0\" allowfullscreen=\"true\" allow=\"autoplay; clipboard-write; encrypted-media; picture-in-picture; web-share\"><\/iframe><\/p>\n","protected":false},"excerpt":{"rendered":"<p>SHKUP &#8211; Ambasada e Kosov\u00ebs n\u00eb Maqedonin\u00eb e Veriut, ka konfirmuar se nga lumi Lepenc \u00ebsht\u00eb nxjerr\u00eb vetura e familjes nga Kosova, ku brenda saj kan\u00eb qen\u00eb edhe trupat t\u00eb cil\u00ebt deri m\u00eb tash kan\u00eb rezultuar t\u00eb zhdukur. \u201cNjoftojm\u00eb opinionin e gjer\u00eb se pas nj\u00eb pune intensive ekipet e k\u00ebrkim-shp\u00ebtimit nga Republika e Maqedonis\u00eb s\u00eb [&hellip;]<\/p>\n","protected":false},"author":1,"featured_media":82335,"comment_status":"open","ping_status":"open","sticky":false,"template":"","format":"standard","meta":{"footnotes":""},"categories":[14],"tags":[1027,3803,6420,4426],"class_list":["post-82334","post","type-post","status-publish","format-standard","has-post-thumbnail","hentry","category-kombetare","tag-aksident","tag-aktuale","tag-lumi-lepenc","tag-maqedonia-e-veriut"],"_links":{"self":[{"href":"https:\/\/prizrenpost.com\/al\/wp-json\/wp\/v2\/posts\/82334","targetHints":{"allow":["GET"]}}],"collection":[{"href":"https:\/\/prizrenpost.com\/al\/wp-json\/wp\/v2\/posts"}],"about":[{"href":"https:\/\/prizrenpost.com\/al\/wp-json\/wp\/v2\/types\/post"}],"author":[{"embeddable":true,"href":"https:\/\/prizrenpost.com\/al\/wp-json\/wp\/v2\/users\/1"}],"replies":[{"embeddable":true,"href":"https:\/\/prizrenpost.com\/al\/wp-json\/wp\/v2\/comments?post=82334"}],"version-history":[{"count":1,"href":"https:\/\/prizrenpost.com\/al\/wp-json\/wp\/v2\/posts\/82334\/revisions"}],"predecessor-version":[{"id":82336,"href":"https:\/\/prizrenpost.com\/al\/wp-json\/wp\/v2\/posts\/82334\/revisions\/82336"}],"wp:featuredmedia":[{"embeddable":true,"href":"https:\/\/prizrenpost.com\/al\/wp-json\/wp\/v2\/media\/82335"}],"wp:attachment":[{"href":"https:\/\/prizrenpost.com\/al\/wp-json\/wp\/v2\/media?parent=82334"}],"wp:term":[{"taxonomy":"category","embeddable":true,"href":"https:\/\/prizrenpost.com\/al\/wp-json\/wp\/v2\/categories?post=82334"},{"taxonomy":"post_tag","embeddable":true,"href":"https:\/\/prizrenpost.com\/al\/wp-json\/wp\/v2\/tags?post=82334"}],"curies":[{"name":"wp","href":"https:\/\/api.w.org\/{rel}","templated":true}]}}