{"id":82418,"date":"2023-07-07T18:59:43","date_gmt":"2023-07-07T16:59:43","guid":{"rendered":"https:\/\/prizrenpost.com\/al\/?p=82418"},"modified":"2023-07-07T18:59:43","modified_gmt":"2023-07-07T16:59:43","slug":"procesi-i-berlinit-rama-nuk-ka-takim-me-kryeministra-ne-tirane-pa-ate-te-kosoves","status":"publish","type":"post","link":"https:\/\/prizrenpost.com\/al\/procesi-i-berlinit-rama-nuk-ka-takim-me-kryeministra-ne-tirane-pa-ate-te-kosoves\/","title":{"rendered":"Procesi i Berlinit, Rama: Nuk ka takim me kryeministra n\u00eb Tiran\u00eb pa at\u00eb t\u00eb Kosov\u00ebs"},"content":{"rendered":"<p><img decoding=\"async\" src=\"https:\/\/prizrenpost.com\/al\/wp-content\/uploads\/2023\/07\/rama.jpeg\" alt=\"\" width=\"100%\" height=\"\" class=\"alignnone size-full wp-image-82419\" srcset=\"https:\/\/prizrenpost.com\/al\/wp-content\/uploads\/2023\/07\/rama.jpeg 1130w, https:\/\/prizrenpost.com\/al\/wp-content\/uploads\/2023\/07\/rama-300x169.jpeg 300w, https:\/\/prizrenpost.com\/al\/wp-content\/uploads\/2023\/07\/rama-1024x575.jpeg 1024w, https:\/\/prizrenpost.com\/al\/wp-content\/uploads\/2023\/07\/rama-768x432.jpeg 768w\" sizes=\"(max-width: 1130px) 100vw, 1130px\" \/><\/p>\n<p><strong>PODGORIC\u00cb &#8211; Kryeministri i Shqip\u00ebris\u00eb, Edi Rama, nga Podgorica ka folur p\u00ebr takimin e kryeministrave t\u00eb gjasht\u00eb vendeve t\u00eb Ballkanit Per\u00ebndimor n\u00eb kuad\u00ebr t\u00eb Procesit t\u00eb Berlinit, i cili do mbahet n\u00eb Tiran\u00eb.<\/strong><\/p>\n<p>N\u00eb nj\u00eb konferenc\u00eb p\u00ebr media me kryeministrin e Malit t\u00eb Zi, Dritan Abazoviq, Rama ka deklaruar se ia ka b\u00ebr\u00eb t\u00eb qart\u00eb Brukselit se takim me kryeministra n\u00eb Tiran\u00eb nuk mund t\u00eb mbahet pa qen\u00eb i pranish\u00ebm edhe kryeministri i Kosov\u00ebs.<\/p>\n<p>Para mediave, ai \u00ebsht\u00eb shprehur se k\u00ebshtu e kupton r\u00ebnd\u00ebsin\u00eb e postit t\u00eb kryeministrit t\u00eb Kosov\u00ebs.<\/p>\n<p>Rama tutje ka th\u00ebn\u00eb se \u00ebsht\u00eb n\u00eb dor\u00ebn e Kurtit, n\u00ebse do t\u00eb marr\u00eb pjes\u00eb apo jo n\u00eb takimin e Tiran\u00ebs.<\/p>\n<p>\u201cN\u00eb takimin e Tiran\u00ebs, pavar\u00ebsisht se cili \u00ebsht\u00eb q\u00ebndrimi i Bashkimit Evropian, pavar\u00ebsisht se cilat jan\u00eb q\u00ebndrimet e vendeve t\u00eb tjera, n\u00eb takimin e Tiran\u00ebs p\u00ebr procesin e Berlinit, kryeministri i Kosov\u00ebs do t\u00eb jet\u00eb i ftuar dhe un\u00eb d\u00ebshiroj q\u00eb t\u00eb jemi t\u00eb gjasht\u00eb bashk\u00eb aty, p\u00ebrtej faktit q\u00eb mund t\u00eb mos jet\u00eb i ftuar apo mund t\u00eb mos duan ta ftojn\u00eb n\u00eb vende t\u00eb tjera. N\u00eb Tiran\u00eb, Albin Kurti \u00ebsht\u00eb n\u00eb sht\u00ebpin\u00eb e vet, ku madje mund t\u00eb edhe t\u00eb futet n\u00eb zgjedhje p\u00ebr t\u2019u b\u00ebr\u00eb i zoti i sht\u00ebpis\u00eb\u201d.<\/p>\n<p>\u201cAi \u00ebsht\u00eb i ftuar si gjith\u00eb t\u00eb tjer\u00ebt. Un\u00eb jam kam b\u00ebr\u00eb t\u00eb qart\u00eb edhe Brukselit, q\u00eb takim me kryeministra n\u00eb Tiran\u00eb pa kryeministrin e Kosov\u00ebs nuk ka. K\u00ebshtu e kuptoj un\u00eb r\u00ebnd\u00ebsin\u00eb e kryeministrit t\u00eb Kosov\u00ebs sa i takon procesit t\u00eb Berlinit. Nuk e p\u00ebrjashtoj q\u00eb Albin Kurti mos t\u00eb vij\u00eb. Kjo nuk p\u00ebrjashtohet se nuk p\u00ebrjashtohet asgj\u00eb. \u00cbsht\u00eb e drejta e tij q\u00eb mos t\u00eb vij\u00eb\u201d, \u00ebsht\u00eb shprehur mes tjerash kryeministri shqiptar.<\/p>\n<p>Sa i p\u00ebrket \u201cBallkanit t\u00eb Hapur\u201d, Rama ka th\u00ebn\u00eb se as nuk e ka hapur dhe as nuk mund ta mbyll\u00eb personalisht. I pyetur nga gazetar\u00ebt se \u00e7far\u00eb p\u00ebrfitimesh ka pasur nga ky proces, ai ka deklaruar se tri vendet q\u00eb mor\u00ebn pjes\u00eb n\u00eb k\u00ebt\u00eb proces kan\u00eb p\u00ebrfituar dhe k\u00ebt\u00eb e d\u00ebshmojn\u00eb shifrat e importit dhe eksportet.<\/p>\n<p>\u201cBallkanin e hapur as s\u2019e hapa vet\u00eb, as s\u2019e mbylli dot vet\u00eb. Tre nga 6 nuk u p\u00ebrfshin\u00eb dhe d\u00ebmtuan veten e tyre, nuk p\u00ebrfituan nga ato q\u00eb p\u00ebrfituan  tre t\u00eb tjer\u00ebt. Sip\u00ebrmarrja boshnjake iu k\u00ebrkon Ballkanin e hapur. Pse? Sepse Ballkani i hapur iu dha mund\u00ebsin\u00eb k\u00ebtyre tre vende, q\u00eb t\u00eb jet\u00ebsojn\u00eb disa marr\u00ebveshje, t\u00eb cilat do t\u00eb ishin jet\u00ebsuar me Procesin e Berlinit, por u t\u00ebrhoq\u00ebn zvarr\u00eb.<\/p>\n<p>Pyesni dhe shihni shifrat e importit dhe t\u00eb eksportit. \u00cbsht\u00eb b\u00ebr\u00eb e leht\u00eb me l\u00ebvizjet me ato barrierat tarifore, certifikatat. Pa Ballkanin e Hapur, domatet q\u00eb nisen nga Saranda dhe mb\u00ebrrijn\u00eb n\u00eb Bosnj\u00eb shkojn\u00eb salc\u00eb. Na ka ndihmuar p\u00ebr t\u2019u afruam me nj\u00ebri tjetrin\u201d, tha ai. \/Telegrafi<\/p>\n","protected":false},"excerpt":{"rendered":"<p>PODGORIC\u00cb &#8211; Kryeministri i Shqip\u00ebris\u00eb, Edi Rama, nga Podgorica ka folur p\u00ebr takimin e kryeministrave t\u00eb gjasht\u00eb vendeve t\u00eb Ballkanit Per\u00ebndimor n\u00eb kuad\u00ebr t\u00eb Procesit t\u00eb Berlinit, i cili do mbahet n\u00eb Tiran\u00eb. N\u00eb nj\u00eb konferenc\u00eb p\u00ebr media me kryeministrin e Malit t\u00eb Zi, Dritan Abazoviq, Rama ka deklaruar se ia ka b\u00ebr\u00eb t\u00eb qart\u00eb [&hellip;]<\/p>\n","protected":false},"author":1,"featured_media":82419,"comment_status":"open","ping_status":"open","sticky":false,"template":"","format":"standard","meta":{"footnotes":""},"categories":[15],"tags":[3803,369,6432],"class_list":["post-82418","post","type-post","status-publish","format-standard","has-post-thumbnail","hentry","category-ballkan","tag-aktuale","tag-edi-rama","tag-procesi-i-berlinit"],"_links":{"self":[{"href":"https:\/\/prizrenpost.com\/al\/wp-json\/wp\/v2\/posts\/82418","targetHints":{"allow":["GET"]}}],"collection":[{"href":"https:\/\/prizrenpost.com\/al\/wp-json\/wp\/v2\/posts"}],"about":[{"href":"https:\/\/prizrenpost.com\/al\/wp-json\/wp\/v2\/types\/post"}],"author":[{"embeddable":true,"href":"https:\/\/prizrenpost.com\/al\/wp-json\/wp\/v2\/users\/1"}],"replies":[{"embeddable":true,"href":"https:\/\/prizrenpost.com\/al\/wp-json\/wp\/v2\/comments?post=82418"}],"version-history":[{"count":1,"href":"https:\/\/prizrenpost.com\/al\/wp-json\/wp\/v2\/posts\/82418\/revisions"}],"predecessor-version":[{"id":82420,"href":"https:\/\/prizrenpost.com\/al\/wp-json\/wp\/v2\/posts\/82418\/revisions\/82420"}],"wp:featuredmedia":[{"embeddable":true,"href":"https:\/\/prizrenpost.com\/al\/wp-json\/wp\/v2\/media\/82419"}],"wp:attachment":[{"href":"https:\/\/prizrenpost.com\/al\/wp-json\/wp\/v2\/media?parent=82418"}],"wp:term":[{"taxonomy":"category","embeddable":true,"href":"https:\/\/prizrenpost.com\/al\/wp-json\/wp\/v2\/categories?post=82418"},{"taxonomy":"post_tag","embeddable":true,"href":"https:\/\/prizrenpost.com\/al\/wp-json\/wp\/v2\/tags?post=82418"}],"curies":[{"name":"wp","href":"https:\/\/api.w.org\/{rel}","templated":true}]}}