{"id":82453,"date":"2023-07-12T16:29:13","date_gmt":"2023-07-12T14:29:13","guid":{"rendered":"https:\/\/prizrenpost.com\/al\/?p=82453"},"modified":"2023-07-12T16:29:13","modified_gmt":"2023-07-12T14:29:13","slug":"kur-te-plotesohen-kushtet-nato-ja-do-ta-ftoje-ukrainen","status":"publish","type":"post","link":"https:\/\/prizrenpost.com\/al\/kur-te-plotesohen-kushtet-nato-ja-do-ta-ftoje-ukrainen\/","title":{"rendered":"&#8220;Kur t\u00eb plot\u00ebsohen kushtet&#8221;, NATO-ja do ta ftoj\u00eb Ukrain\u00ebn"},"content":{"rendered":"<p><img decoding=\"async\" src=\"https:\/\/prizrenpost.com\/al\/wp-content\/uploads\/2023\/07\/nato-lituani.jpeg\" alt=\"\" width=\"100%\" height=\"\" class=\"alignnone size-full wp-image-82454\" srcset=\"https:\/\/prizrenpost.com\/al\/wp-content\/uploads\/2023\/07\/nato-lituani.jpeg 1023w, https:\/\/prizrenpost.com\/al\/wp-content\/uploads\/2023\/07\/nato-lituani-300x169.jpeg 300w, https:\/\/prizrenpost.com\/al\/wp-content\/uploads\/2023\/07\/nato-lituani-768x432.jpeg 768w\" sizes=\"(max-width: 1023px) 100vw, 1023px\" \/><\/p>\n<p><strong>VILNIUS &#8211; Udh\u00ebheq\u00ebsit e NATO-s than\u00eb se do ta ftojn\u00eb Ukrain\u00ebn p\u00ebr t\u2019u an\u00ebtar\u00ebsuar n\u00eb aleanc\u00eb \u201ckur ata t\u00eb bien dakord\u201d dhe \u201ct\u00eb plot\u00ebsohen kushtet\u201d.<\/strong><\/p>\n<p>Ky \u00ebsht\u00eb formulimi me t\u00eb cilin u pajtuan krer\u00ebt e t\u00eb 31 vendeve an\u00ebtare, sa i p\u00ebrket perspektiv\u00ebs s\u00eb an\u00ebtar\u00ebsinit t\u00eb Ukrain\u00ebs n\u00eb NATO.<\/p>\n<p>N\u00eb dit\u00ebn e par\u00eb t\u00eb samitit q\u00eb zhvilluan n\u00eb Vilnius t\u00eb Lituanis\u00eb, ata u dakorduan p\u00ebr thjesht\u00ebzimin e procesit t\u00eb pranimit t\u00eb Ukrain\u00ebs, duke e anashkaluar Planin e Veprimit t\u00eb An\u00ebtar\u00ebsimit.<\/p>\n<p>Ky plan p\u00ebrfshin reformat ekonomike dhe politike q\u00eb nj\u00eb vend kandidat duhet t&#8217;i p\u00ebrmbush\u00eb, p\u00ebrpara an\u00ebtar\u00ebsimit t\u00eb plot\u00eb.<\/p>\n<p>\u201cSot pranojm\u00eb se rruga e Ukrain\u00ebs drejt integrimit t\u00eb plot\u00eb euroatlantik ka tejkaluar nevoj\u00ebn p\u00ebr Planin e Veprimit p\u00ebr An\u00ebtar\u00ebsim. Ukraina po b\u00ebhet gjithnj\u00eb e m\u00eb e nd\u00ebrveprueshme dhe e integruar politikisht me aleanc\u00ebn dhe ka b\u00ebr\u00eb p\u00ebrparim t\u00eb r\u00ebnd\u00ebsish\u00ebm n\u00eb rrug\u00ebn e saj t\u00eb reformave\u201d, thuhet n\u00eb dokumentin q\u00eb miratuan udh\u00ebheq\u00ebsit e aleanc\u00ebs.<\/p>\n<p>Ukraina, e cila ndodhet n\u00ebn pushtimin rus qysh nga shkurti i vitit t\u00eb kaluar, priste garanci m\u00eb t\u00eb m\u00ebdha n\u00eb lidhje me procesin e an\u00ebtar\u00ebsimit.<\/p>\n<p>Para miratimit t\u00eb dokumentit, presidenti i vendit, Volodymyr Zelensky, shkroi n\u00eb Twitter se \u00ebsht\u00eb \u201ce paprecedent\u00eb dhe absurde\u201d n\u00ebse nuk vendoset nj\u00eb afat kohor p\u00ebr ftes\u00ebn apo an\u00ebtar\u00ebsimin e Ukrain\u00ebs n\u00eb NATO.<\/p>\n<p>\u201cDuket se nuk ka gatishm\u00ebri as q\u00eb Ukraina t\u00eb ftohet n\u00eb NATO, as t\u00eb b\u00ebhet an\u00ebtare e aleanc\u00ebs\u201d, tha Zelensky.<\/p>\n<p>Megjithat\u00eb, p\u00ebr sekretarin e p\u00ebrgjithsh\u00ebm t\u00eb NATO-s, Jens Stoltenberg, mesazhi nga samiti \u00ebsht\u00eb inkurajues p\u00ebr Ukrain\u00ebn.<\/p>\n<p>\u201cN\u00ebse i shikoni t\u00eb gjitha proceset e an\u00ebtar\u00ebsimit, ato nuk bazohen n\u00eb afate kohore, ato bazohen n\u00eb kushte &#8211; si\u00e7 ka qen\u00eb gjithmon\u00eb\u201d, tha Stoltenberg n\u00eb nj\u00eb konferenc\u00eb p\u00ebr gazetar\u00eb.<\/p>\n<p>Me gjith\u00eb insistimin e gazetar\u00ebve se p\u00ebr \u00e7far\u00eb kushtesh b\u00ebhet fjal\u00eb n\u00eb rastin e Ukrain\u00ebs, ai nuk dha p\u00ebrgjigje konkrete.<\/p>\n<p>Zelensky ndodhet n\u00eb Vilnius dhe do t\u00eb marr\u00eb pjes\u00eb n\u00eb dit\u00ebn e dyt\u00eb t\u00eb samitit t\u00eb NATO-s, m\u00eb 12 korrik, kur edhe do t\u00eb formohet K\u00ebshilli i par\u00eb NATO-Ukrain\u00eb &#8211; organ ky q\u00eb pritet t\u2019i p\u00ebrmir\u00ebsoj\u00eb marr\u00ebdh\u00ebniet mes aleanc\u00ebs dhe Kievit.\/REL<\/p>\n","protected":false},"excerpt":{"rendered":"<p>VILNIUS &#8211; Udh\u00ebheq\u00ebsit e NATO-s than\u00eb se do ta ftojn\u00eb Ukrain\u00ebn p\u00ebr t\u2019u an\u00ebtar\u00ebsuar n\u00eb aleanc\u00eb \u201ckur ata t\u00eb bien dakord\u201d dhe \u201ct\u00eb plot\u00ebsohen kushtet\u201d. Ky \u00ebsht\u00eb formulimi me t\u00eb cilin u pajtuan krer\u00ebt e t\u00eb 31 vendeve an\u00ebtare, sa i p\u00ebrket perspektiv\u00ebs s\u00eb an\u00ebtar\u00ebsinit t\u00eb Ukrain\u00ebs n\u00eb NATO. N\u00eb dit\u00ebn e par\u00eb t\u00eb samitit [&hellip;]<\/p>\n","protected":false},"author":1,"featured_media":82454,"comment_status":"open","ping_status":"open","sticky":false,"template":"","format":"standard","meta":{"footnotes":""},"categories":[33],"tags":[3803,1051,3196],"class_list":["post-82453","post","type-post","status-publish","format-standard","has-post-thumbnail","hentry","category-europe","tag-aktuale","tag-nato","tag-ukraina"],"_links":{"self":[{"href":"https:\/\/prizrenpost.com\/al\/wp-json\/wp\/v2\/posts\/82453","targetHints":{"allow":["GET"]}}],"collection":[{"href":"https:\/\/prizrenpost.com\/al\/wp-json\/wp\/v2\/posts"}],"about":[{"href":"https:\/\/prizrenpost.com\/al\/wp-json\/wp\/v2\/types\/post"}],"author":[{"embeddable":true,"href":"https:\/\/prizrenpost.com\/al\/wp-json\/wp\/v2\/users\/1"}],"replies":[{"embeddable":true,"href":"https:\/\/prizrenpost.com\/al\/wp-json\/wp\/v2\/comments?post=82453"}],"version-history":[{"count":1,"href":"https:\/\/prizrenpost.com\/al\/wp-json\/wp\/v2\/posts\/82453\/revisions"}],"predecessor-version":[{"id":82455,"href":"https:\/\/prizrenpost.com\/al\/wp-json\/wp\/v2\/posts\/82453\/revisions\/82455"}],"wp:featuredmedia":[{"embeddable":true,"href":"https:\/\/prizrenpost.com\/al\/wp-json\/wp\/v2\/media\/82454"}],"wp:attachment":[{"href":"https:\/\/prizrenpost.com\/al\/wp-json\/wp\/v2\/media?parent=82453"}],"wp:term":[{"taxonomy":"category","embeddable":true,"href":"https:\/\/prizrenpost.com\/al\/wp-json\/wp\/v2\/categories?post=82453"},{"taxonomy":"post_tag","embeddable":true,"href":"https:\/\/prizrenpost.com\/al\/wp-json\/wp\/v2\/tags?post=82453"}],"curies":[{"name":"wp","href":"https:\/\/api.w.org\/{rel}","templated":true}]}}