{"id":82530,"date":"2023-08-15T11:35:41","date_gmt":"2023-08-15T09:35:41","guid":{"rendered":"https:\/\/prizrenpost.com\/al\/?p=82530"},"modified":"2023-08-15T11:35:41","modified_gmt":"2023-08-15T09:35:41","slug":"kosova-dhe-turqia-diskutojne-per-organizimin-e-nje-forumi-te-bizneseve","status":"publish","type":"post","link":"https:\/\/prizrenpost.com\/al\/kosova-dhe-turqia-diskutojne-per-organizimin-e-nje-forumi-te-bizneseve\/","title":{"rendered":"Kosova dhe Turqia diskutojn\u00eb p\u00ebr organizimin e nj\u00eb forumi t\u00eb bizneseve"},"content":{"rendered":"<p><img decoding=\"async\" src=\"https:\/\/prizrenpost.com\/al\/wp-content\/uploads\/2023\/08\/osmani-bozay.jpeg\" alt=\"\" width=\"100%\" height=\"\" class=\"alignnone size-full wp-image-82531\" srcset=\"https:\/\/prizrenpost.com\/al\/wp-content\/uploads\/2023\/08\/osmani-bozay.jpeg 1130w, https:\/\/prizrenpost.com\/al\/wp-content\/uploads\/2023\/08\/osmani-bozay-300x169.jpeg 300w, https:\/\/prizrenpost.com\/al\/wp-content\/uploads\/2023\/08\/osmani-bozay-1024x575.jpeg 1024w, https:\/\/prizrenpost.com\/al\/wp-content\/uploads\/2023\/08\/osmani-bozay-768x432.jpeg 768w\" sizes=\"(max-width: 1130px) 100vw, 1130px\" \/><\/p>\n<p><strong>PRISHTIN\u00cb &#8211; Presidentja Vjosa Osmani ka pritur n\u00eb takim  zv.ministrin e Pun\u00ebve t\u00eb Jashtme t\u00eb Turqis\u00eb, Mehmet Kemal Bozay i shoq\u00ebruar nga Sabri Demiri, k\u00ebshilltar i presidentit t\u00eb Turqis\u00eb, Recep Tayyip Erdo\u011fan.<\/strong><\/p>\n<p>N\u00eb takim u diskutua p\u00ebr marr\u00ebdh\u00ebniet e shk\u00eblqyeshme nd\u00ebrmjet t\u00eb dy shteteve dhe mund\u00ebsia p\u00ebr thellimin e m\u00ebtejm\u00eb t\u00eb tyre.<\/p>\n<p>Osmani theksoi se marr\u00ebdh\u00ebniet e Kosov\u00ebs me Turqin\u00eb jan\u00eb strategjike dhe se shqiptar\u00ebt q\u00eb jetojn\u00eb n\u00eb Turqi dhe komuniteti turk n\u00eb Kosov\u00eb jan\u00eb ur\u00eb e fort\u00eb lidh\u00ebse nd\u00ebrmjet dy shteteve.<\/p>\n<p>N\u00eb k\u00ebt\u00eb kontekst, Osmani ka fal\u00ebnderuar Turqin\u00eb p\u00ebr mb\u00ebshtetjen e Kosov\u00ebs n\u00eb procesin e pavar\u00ebsis\u00eb dhe shtetnd\u00ebrtimit, duke k\u00ebrkuar mb\u00ebshtetje t\u00eb m\u00ebtejm\u00eb edhe p\u00ebr integrimin e Kosov\u00ebs n\u00eb organizata nd\u00ebrkomb\u00ebtare.<\/p>\n<p>U diskutua p\u00ebr bashk\u00ebpunimin bilateral, organizimin e nj\u00eb forumi t\u00eb bizneseve t\u00eb dy shteteve,  sikurse edhe bashk\u00ebpunimin n\u00eb fush\u00ebn e politik\u00ebs s\u00eb jashtme, mbrojtjes, siguris\u00eb, sh\u00ebndet\u00ebsis\u00eb dhe fusha t\u00eb tjera t\u00eb interesit t\u00eb dyansh\u00ebm.<\/p>\n<p>Ajo ka p\u00ebrs\u00ebritur ftes\u00ebn p\u00ebr homologun e saj, presidentin Recep Tayyip Erdo\u011fan p\u00ebr nj\u00eb vizit\u00eb n\u00eb Republik\u00ebn e Kosov\u00ebs, n\u00eb nj\u00eb koh\u00eb t\u00eb p\u00ebrshtatshme p\u00ebr t\u00eb dy pal\u00ebt.<\/p>\n","protected":false},"excerpt":{"rendered":"<p>PRISHTIN\u00cb &#8211; Presidentja Vjosa Osmani ka pritur n\u00eb takim zv.ministrin e Pun\u00ebve t\u00eb Jashtme t\u00eb Turqis\u00eb, Mehmet Kemal Bozay i shoq\u00ebruar nga Sabri Demiri, k\u00ebshilltar i presidentit t\u00eb Turqis\u00eb, Recep Tayyip Erdo\u011fan. N\u00eb takim u diskutua p\u00ebr marr\u00ebdh\u00ebniet e shk\u00eblqyeshme nd\u00ebrmjet t\u00eb dy shteteve dhe mund\u00ebsia p\u00ebr thellimin e m\u00ebtejm\u00eb t\u00eb tyre. Osmani theksoi se [&hellip;]<\/p>\n","protected":false},"author":1,"featured_media":82531,"comment_status":"open","ping_status":"open","sticky":false,"template":"","format":"standard","meta":{"footnotes":""},"categories":[25],"tags":[287,6447,6448,310,2366],"class_list":["post-82530","post","type-post","status-publish","format-standard","has-post-thumbnail","hentry","category-ekonomi","tag-kosova","tag-mehmet-kemal-bozay","tag-sabri-demiri","tag-turqia","tag-vjosa-osmani"],"_links":{"self":[{"href":"https:\/\/prizrenpost.com\/al\/wp-json\/wp\/v2\/posts\/82530","targetHints":{"allow":["GET"]}}],"collection":[{"href":"https:\/\/prizrenpost.com\/al\/wp-json\/wp\/v2\/posts"}],"about":[{"href":"https:\/\/prizrenpost.com\/al\/wp-json\/wp\/v2\/types\/post"}],"author":[{"embeddable":true,"href":"https:\/\/prizrenpost.com\/al\/wp-json\/wp\/v2\/users\/1"}],"replies":[{"embeddable":true,"href":"https:\/\/prizrenpost.com\/al\/wp-json\/wp\/v2\/comments?post=82530"}],"version-history":[{"count":1,"href":"https:\/\/prizrenpost.com\/al\/wp-json\/wp\/v2\/posts\/82530\/revisions"}],"predecessor-version":[{"id":82532,"href":"https:\/\/prizrenpost.com\/al\/wp-json\/wp\/v2\/posts\/82530\/revisions\/82532"}],"wp:featuredmedia":[{"embeddable":true,"href":"https:\/\/prizrenpost.com\/al\/wp-json\/wp\/v2\/media\/82531"}],"wp:attachment":[{"href":"https:\/\/prizrenpost.com\/al\/wp-json\/wp\/v2\/media?parent=82530"}],"wp:term":[{"taxonomy":"category","embeddable":true,"href":"https:\/\/prizrenpost.com\/al\/wp-json\/wp\/v2\/categories?post=82530"},{"taxonomy":"post_tag","embeddable":true,"href":"https:\/\/prizrenpost.com\/al\/wp-json\/wp\/v2\/tags?post=82530"}],"curies":[{"name":"wp","href":"https:\/\/api.w.org\/{rel}","templated":true}]}}