{"id":82610,"date":"2023-09-20T17:49:52","date_gmt":"2023-09-20T15:49:52","guid":{"rendered":"https:\/\/prizrenpost.com\/al\/?p=82610"},"modified":"2023-09-20T17:50:57","modified_gmt":"2023-09-20T15:50:57","slug":"bayern-kunder-manchester-it-dikur-ishte-nje-ndeshje-klasike-e-liges-se-kampioneve","status":"publish","type":"post","link":"https:\/\/prizrenpost.com\/al\/bayern-kunder-manchester-it-dikur-ishte-nje-ndeshje-klasike-e-liges-se-kampioneve\/","title":{"rendered":"Bayern kund\u00ebr Manchester-it, dikur ishte nj\u00eb ndeshje klasike e Lig\u00ebs s\u00eb Kampion\u00ebve"},"content":{"rendered":"<p><img decoding=\"async\" src=\"https:\/\/prizrenpost.com\/al\/wp-content\/uploads\/2023\/09\/bayern-united.webp\" alt=\"\" width=\"100%\" height=\"\" class=\"alignnone size-full wp-image-82611\" srcset=\"https:\/\/prizrenpost.com\/al\/wp-content\/uploads\/2023\/09\/bayern-united.webp 2048w, https:\/\/prizrenpost.com\/al\/wp-content\/uploads\/2023\/09\/bayern-united-300x169.webp 300w, https:\/\/prizrenpost.com\/al\/wp-content\/uploads\/2023\/09\/bayern-united-1024x576.webp 1024w, https:\/\/prizrenpost.com\/al\/wp-content\/uploads\/2023\/09\/bayern-united-768x432.webp 768w, https:\/\/prizrenpost.com\/al\/wp-content\/uploads\/2023\/09\/bayern-united-1536x864.webp 1536w\" sizes=\"(max-width: 2048px) 100vw, 2048px\" \/><\/p>\n<p><strong>Bavarez\u00ebt jan\u00eb nj\u00eb nga favorit\u00ebt p\u00ebr t\u00eb fituar kompeticionin pasi zbarkuan me kapitenin e Anglis\u00eb, nd\u00ebrsa Djajt\u00eb e Kuq jan\u00eb n\u00eb nj\u00eb rr\u00ebmuj\u00eb brenda dhe jasht\u00eb fush\u00ebs.<\/strong><\/p>\n<p>Bayern Munich kund\u00ebr Manchester United ishte dikur nj\u00eb ndeshje klasike e Lig\u00ebs s\u00eb Kampion\u00ebve. Dy gjigant\u00ebt nuk ishin takuar kurr\u00eb n\u00eb epok\u00ebn e Kup\u00ebs Europiane, por m\u00eb pas luajt\u00ebn me nj\u00ebri-tjetrin 11 her\u00eb n\u00eb hap\u00ebsir\u00ebn e 16 viteve.<\/p>\n<p>Takimi m\u00eb i famsh\u00ebm \u00ebsht\u00eb, sigurisht, finalja e Lig\u00ebs s\u00eb Kampion\u00ebve t\u00eb vitit 1999 n\u00eb Camp Nou, kur United e ktheu humbjen 1-0 n\u00eb nj\u00eb fitore 2-1 n\u00eb harkun e tre minutave. Por, \u00e7erekfinalja 2009-10 ishte gjithashtu epike, me Bayernin q\u00eb erdhi nga pas n\u00eb t\u00eb dyja ndeshjet p\u00ebr t\u00eb kaluar p\u00ebrfundimisht n\u00eb golat jasht\u00eb fushe. Bavarez\u00ebt gjithashtu mbizot\u00ebruan n\u00eb \u00e7erekfinale n\u00eb 2000-01 dhe n\u00eb t\u00eb nj\u00ebjt\u00ebn faz\u00eb n\u00eb 2013-14, kur United i David Moyes udh\u00ebhoqi p\u00ebr nj\u00eb koh\u00eb t\u00eb shkurt\u00ebr kund\u00ebr Bayernit t\u00eb Pep Guardiol\u00ebs p\u00ebrpara nj\u00eb kthese t\u00eb shpejt\u00eb.<\/p>\n<p>Gjithsesi, ndeshja e s\u00eb m\u00ebrkur\u00ebs n\u00eb Allianz Arena \u00ebsht\u00eb takimi i par\u00eb mes k\u00ebtyre trikove europian\u00eb n\u00eb n\u00ebnt\u00eb vjet. Dhe arsyeja e hendekut t\u00eb gjat\u00eb nuk \u00ebsht\u00eb rast\u00ebsia. Bayern ka arritur n\u00eb \u00e7erekfinalet e Lig\u00ebs s\u00eb Kampion\u00ebve n\u00eb secilin prej 10 viteve t\u00eb fundit, duke p\u00ebrfshir\u00eb kat\u00ebr gjysm\u00ebfinale dhe nj\u00eb finale (t\u00eb cil\u00ebn e fitoi). United, megjithat\u00eb, ka arritur vet\u00ebm nj\u00eb her\u00eb n\u00eb tet\u00eb t\u00eb fundit q\u00eb at\u00ebher\u00eb, dhe nuk ka arritur as t\u00eb kualifikohet n\u00eb kompeticion n\u00eb kat\u00ebr raste. Nd\u00ebrsa Djajt\u00eb e Kuq fituan p\u00ebr her\u00eb t\u00eb fundit nj\u00eb titull n\u00eb Premier League n\u00eb vitin 2013, viti i fundit i Sir Alex Ferguson n\u00eb krye, Bayern ka fituar 11 kurorat e fundit t\u00eb Bundeslig\u00ebs.<\/p>\n<p>Ve\u00e7orit\u00eb e kund\u00ebrta t\u00eb dy klubeve nuk jan\u00eb rast\u00ebsi. Nd\u00ebrsa United \u00ebsht\u00eb drejtuar n\u00eb nj\u00eb m\u00ebnyr\u00eb t\u00eb turpshme q\u00eb kur Ferguson u t\u00ebrhoq, Bayern \u00ebsht\u00eb padyshim klubi m\u00eb i mir\u00eb n\u00eb Europ\u00eb. Dhe ishte fal\u00eb menaxhmentit t\u00eb tyre q\u00eb ata mund\u00ebn t\u00eb mposhtin United n\u00eb n\u00ebnshkrimin m\u00eb t\u00eb madh t\u00eb ver\u00ebs: Harry Kane.<\/p>\n<p>Kapiteni i Anglis\u00eb ishte objektivi num\u00ebr 1 i United n\u00eb fund t\u00eb sezonit t\u00eb kaluar teksa ai i afrohej vitit t\u00eb fundit t\u00eb kontrat\u00ebs s\u00eb tij me Tottenham. Megjithat\u00eb, ata kishin arsyet e tyre p\u00ebr t\u00eb mos e p\u00ebrballuar at\u00eb n\u00eb fund, dhe n\u00eb vend t\u00eb k\u00ebsaj kan\u00eb marr\u00eb nj\u00eb goditje p\u00ebr t\u00eb ardhmen e tyre afatgjat\u00eb duke n\u00ebnshkruar n\u00eb vend t\u00eb k\u00ebsaj Rasmus Hojlund, si dhe duke forcuar skuadr\u00ebn e tyre n\u00eb fusha t\u00eb tjera.<\/p>\n","protected":false},"excerpt":{"rendered":"<p>Bavarez\u00ebt jan\u00eb nj\u00eb nga favorit\u00ebt p\u00ebr t\u00eb fituar kompeticionin pasi zbarkuan me kapitenin e Anglis\u00eb, nd\u00ebrsa Djajt\u00eb e Kuq jan\u00eb n\u00eb nj\u00eb rr\u00ebmuj\u00eb brenda dhe jasht\u00eb fush\u00ebs. Bayern Munich kund\u00ebr Manchester United ishte dikur nj\u00eb ndeshje klasike e Lig\u00ebs s\u00eb Kampion\u00ebve. Dy gjigant\u00ebt nuk ishin takuar kurr\u00eb n\u00eb epok\u00ebn e Kup\u00ebs Europiane, por m\u00eb pas [&hellip;]<\/p>\n","protected":false},"author":1,"featured_media":82611,"comment_status":"open","ping_status":"open","sticky":false,"template":"","format":"standard","meta":{"footnotes":""},"categories":[7],"tags":[986,1415,2289],"class_list":["post-82610","post","type-post","status-publish","format-standard","has-post-thumbnail","hentry","category-sport","tag-bayern-munich","tag-liga-e-kampioneve","tag-manchester-united"],"_links":{"self":[{"href":"https:\/\/prizrenpost.com\/al\/wp-json\/wp\/v2\/posts\/82610","targetHints":{"allow":["GET"]}}],"collection":[{"href":"https:\/\/prizrenpost.com\/al\/wp-json\/wp\/v2\/posts"}],"about":[{"href":"https:\/\/prizrenpost.com\/al\/wp-json\/wp\/v2\/types\/post"}],"author":[{"embeddable":true,"href":"https:\/\/prizrenpost.com\/al\/wp-json\/wp\/v2\/users\/1"}],"replies":[{"embeddable":true,"href":"https:\/\/prizrenpost.com\/al\/wp-json\/wp\/v2\/comments?post=82610"}],"version-history":[{"count":2,"href":"https:\/\/prizrenpost.com\/al\/wp-json\/wp\/v2\/posts\/82610\/revisions"}],"predecessor-version":[{"id":82613,"href":"https:\/\/prizrenpost.com\/al\/wp-json\/wp\/v2\/posts\/82610\/revisions\/82613"}],"wp:featuredmedia":[{"embeddable":true,"href":"https:\/\/prizrenpost.com\/al\/wp-json\/wp\/v2\/media\/82611"}],"wp:attachment":[{"href":"https:\/\/prizrenpost.com\/al\/wp-json\/wp\/v2\/media?parent=82610"}],"wp:term":[{"taxonomy":"category","embeddable":true,"href":"https:\/\/prizrenpost.com\/al\/wp-json\/wp\/v2\/categories?post=82610"},{"taxonomy":"post_tag","embeddable":true,"href":"https:\/\/prizrenpost.com\/al\/wp-json\/wp\/v2\/tags?post=82610"}],"curies":[{"name":"wp","href":"https:\/\/api.w.org\/{rel}","templated":true}]}}