{"id":82635,"date":"2023-09-24T18:49:35","date_gmt":"2023-09-24T16:49:35","guid":{"rendered":"https:\/\/prizrenpost.com\/al\/?p=82635"},"modified":"2023-09-24T18:49:35","modified_gmt":"2023-09-24T16:49:35","slug":"shkon-ne-3-numri-i-terroristeve-serb-te-vrare-ne-veri-si-dhe-arrestohet-nje-i-armatosur","status":"publish","type":"post","link":"https:\/\/prizrenpost.com\/al\/shkon-ne-3-numri-i-terroristeve-serb-te-vrare-ne-veri-si-dhe-arrestohet-nje-i-armatosur\/","title":{"rendered":"Shkon n\u00eb 3 numri i terrorist\u00ebve serb t\u00eb vrar\u00eb n\u00eb veri, si dhe arrestohet nj\u00eb i armatosur"},"content":{"rendered":"<p><img decoding=\"async\" src=\"https:\/\/prizrenpost.com\/al\/wp-content\/uploads\/2023\/09\/terroristet-serb.png\" alt=\"\" width=\"100%\" height=\"\" class=\"alignnone size-full wp-image-82636\" srcset=\"https:\/\/prizrenpost.com\/al\/wp-content\/uploads\/2023\/09\/terroristet-serb.png 1130w, https:\/\/prizrenpost.com\/al\/wp-content\/uploads\/2023\/09\/terroristet-serb-300x169.png 300w, https:\/\/prizrenpost.com\/al\/wp-content\/uploads\/2023\/09\/terroristet-serb-1024x575.png 1024w, https:\/\/prizrenpost.com\/al\/wp-content\/uploads\/2023\/09\/terroristet-serb-768x432.png 768w\" sizes=\"(max-width: 1130px) 100vw, 1130px\" \/><\/p>\n<p><strong>ZVECAN &#8211; Policia e Kosov\u00ebs ka b\u00ebr\u00eb t\u00eb ditur se ka shkuar n\u00eb 3 numri terrorist\u00ebve t\u00eb vrar\u00eb n\u00eb veri t\u00eb Kosov\u00ebs.<\/strong><\/p>\n<p>\u201cInformacionet zyrtare t\u00eb deritanishme konfirmojn\u00eb vrasjen e tre sulmuesve, arrestimin e nj\u00eb sulmuesi, arrestimin e kat\u00ebr personave t\u00eb dyshuar t\u00eb cil\u00ebt jan\u00eb hasur n\u00ebn posedim t\u00eb radiolidhjeve, si dhe identifikimin e nj\u00eb sasie t\u00eb konsiderueshme t\u00eb armeve, municionit dhe pajisjeve t\u00eb ndryshme\u201d, thot\u00eb PK.<\/p>\n<p>Po ashtu si pasoj\u00eb e sulmeve nj\u00eb zyrtar policor i PK-s\u00eb ka p\u00ebsuar l\u00ebndime kryesisht t\u00eb lehta.<\/p>\n<p>\u201cN\u00eb zon\u00ebn e fshatit Banjska situata e siguris\u00eb vazhdon t\u00eb q\u00ebndroj\u00eb e tensionuar, po ashtu sulmet me arm\u00eb zjarri ndaj nj\u00ebsiteve policore po vazhdojn\u00eb n\u00eb intensitet t\u00eb nj\u00ebjt\u00eb, var\u00ebsisht nga l\u00ebvizjet e grupeve kriminale. Veprimet policore po realizohen sipas planifikimeve dhe zhvillimeve n\u00eb terren, duke u p\u00ebrgjigjur n\u00eb vet\u00ebmbrojtje ndaj sulmeve t\u00eb adresuara ndaj zyrtar\u00ebve policor\u00eb, t\u00eb cil\u00ebve po iu rrezikohet jeta e tyre e drejtp\u00ebrdrejt\u00eb\u201d, thot\u00eb policia.<\/p>\n","protected":false},"excerpt":{"rendered":"<p>ZVECAN &#8211; Policia e Kosov\u00ebs ka b\u00ebr\u00eb t\u00eb ditur se ka shkuar n\u00eb 3 numri terrorist\u00ebve t\u00eb vrar\u00eb n\u00eb veri t\u00eb Kosov\u00ebs. \u201cInformacionet zyrtare t\u00eb deritanishme konfirmojn\u00eb vrasjen e tre sulmuesve, arrestimin e nj\u00eb sulmuesi, arrestimin e kat\u00ebr personave t\u00eb dyshuar t\u00eb cil\u00ebt jan\u00eb hasur n\u00ebn posedim t\u00eb radiolidhjeve, si dhe identifikimin e nj\u00eb sasie [&hellip;]<\/p>\n","protected":false},"author":1,"featured_media":82636,"comment_status":"open","ping_status":"open","sticky":false,"template":"","format":"standard","meta":{"footnotes":""},"categories":[14],"tags":[3803,48,741,6456,2930],"class_list":["post-82635","post","type-post","status-publish","format-standard","has-post-thumbnail","hentry","category-kombetare","tag-aktuale","tag-kosove","tag-policia","tag-terroristet-serb","tag-zvecan"],"_links":{"self":[{"href":"https:\/\/prizrenpost.com\/al\/wp-json\/wp\/v2\/posts\/82635","targetHints":{"allow":["GET"]}}],"collection":[{"href":"https:\/\/prizrenpost.com\/al\/wp-json\/wp\/v2\/posts"}],"about":[{"href":"https:\/\/prizrenpost.com\/al\/wp-json\/wp\/v2\/types\/post"}],"author":[{"embeddable":true,"href":"https:\/\/prizrenpost.com\/al\/wp-json\/wp\/v2\/users\/1"}],"replies":[{"embeddable":true,"href":"https:\/\/prizrenpost.com\/al\/wp-json\/wp\/v2\/comments?post=82635"}],"version-history":[{"count":2,"href":"https:\/\/prizrenpost.com\/al\/wp-json\/wp\/v2\/posts\/82635\/revisions"}],"predecessor-version":[{"id":82638,"href":"https:\/\/prizrenpost.com\/al\/wp-json\/wp\/v2\/posts\/82635\/revisions\/82638"}],"wp:featuredmedia":[{"embeddable":true,"href":"https:\/\/prizrenpost.com\/al\/wp-json\/wp\/v2\/media\/82636"}],"wp:attachment":[{"href":"https:\/\/prizrenpost.com\/al\/wp-json\/wp\/v2\/media?parent=82635"}],"wp:term":[{"taxonomy":"category","embeddable":true,"href":"https:\/\/prizrenpost.com\/al\/wp-json\/wp\/v2\/categories?post=82635"},{"taxonomy":"post_tag","embeddable":true,"href":"https:\/\/prizrenpost.com\/al\/wp-json\/wp\/v2\/tags?post=82635"}],"curies":[{"name":"wp","href":"https:\/\/api.w.org\/{rel}","templated":true}]}}