{"id":82654,"date":"2023-10-01T14:31:36","date_gmt":"2023-10-01T12:31:36","guid":{"rendered":"https:\/\/prizrenpost.com\/al\/?p=82654"},"modified":"2023-10-01T14:31:36","modified_gmt":"2023-10-01T12:31:36","slug":"the-guardian-serbia-terheq-disa-trupa-nga-kufiri-me-kosoven-pas-paralajmerimit-nga-shba","status":"publish","type":"post","link":"https:\/\/prizrenpost.com\/al\/the-guardian-serbia-terheq-disa-trupa-nga-kufiri-me-kosoven-pas-paralajmerimit-nga-shba\/","title":{"rendered":"The Guardian: Serbia t\u00ebrheq disa trupa nga kufiri me Kosov\u00ebn pas paralajm\u00ebrimit nga SHBA"},"content":{"rendered":"<p><img decoding=\"async\" src=\"https:\/\/prizrenpost.com\/al\/wp-content\/uploads\/2023\/10\/kfor-veri.jpeg\" alt=\"\" width=\"100%\" height=\"\" class=\"alignnone size-full wp-image-82655\" srcset=\"https:\/\/prizrenpost.com\/al\/wp-content\/uploads\/2023\/10\/kfor-veri.jpeg 1130w, https:\/\/prizrenpost.com\/al\/wp-content\/uploads\/2023\/10\/kfor-veri-300x169.jpeg 300w, https:\/\/prizrenpost.com\/al\/wp-content\/uploads\/2023\/10\/kfor-veri-1024x575.jpeg 1024w, https:\/\/prizrenpost.com\/al\/wp-content\/uploads\/2023\/10\/kfor-veri-768x432.jpeg 768w\" sizes=\"(max-width: 1130px) 100vw, 1130px\" \/><\/p>\n<p><strong>LOND\u00cbR &#8211; Serbia ka t\u00ebrhequr disa nga trupat e saj nga kufiri i Kosov\u00ebs pas paralajm\u00ebrimeve t\u00eb SHBA-s\u00eb se mund t\u00eb p\u00ebrballet me masa nd\u00ebshkuese p\u00ebr at\u00eb q\u00eb Sht\u00ebpia e Bardh\u00eb e quajti nj\u00eb grumbullim \u201ct\u00eb paprecedent\u00eb\u201d t\u00eb trupave dhe armatimit serb.<\/strong><\/p>\n<p>Mediumi britanik \u201cThe Guardian\u201d shkruan se presidenti serb, Aleksandar Vu\u00e7iq njoftoi se kishte urdh\u00ebruar t\u00ebrheqjen e trupave. N\u00eb nj\u00eb deklarat\u00eb p\u00ebr Financial Times, ai tha se \u00e7do veprim ushtarak do t\u00eb ishte kund\u00ebrproduktiv, duke shtuar: \u201cSerbia nuk d\u00ebshiron luft\u00eb\u201d.<\/p>\n<p>\u201cThe Guradian\u201d raporton se nj\u00eb zyrtar i qeveris\u00eb kosovare konfirmoi nj\u00eb t\u00ebrheqje t\u00eb pjesshme serbe t\u00eb shtun\u00ebn, me largimin e trupave dhe pajisjeve q\u00eb ishin zhvendosur n\u00eb pozicionet p\u00ebrreth kufirit n\u00eb pes\u00eb dit\u00ebt e fundit, duke l\u00ebn\u00eb pas nj\u00eb forc\u00eb ende t\u00eb konsiderueshme q\u00eb \u00ebsht\u00eb e vendosur p\u00ebrgjithmon\u00eb n\u00eb zon\u00eb.<\/p>\n<p>utje mediumi britanik shkruan se t\u00ebrheqja pasoi pas nj\u00eb deklarate publike nga Sht\u00ebpia e Bardh\u00eb e cila shprehi shqet\u00ebsimin e saj, si dhe pati nj\u00eb thirrje t\u00eb ashp\u00ebr drejtuar Vu\u00e7iqit nga sekretari amerikan i shtetit, Antony Blinken dhe p\u00ebforcimin e forc\u00ebs paqeruajt\u00ebse t\u00eb NATO-s n\u00eb Kosov\u00eb (KFOR), me qindra trupa britanike.<\/p>\n<p>N\u00eb bised\u00ebn e tij me Vu\u00e7iqin, Blinken b\u00ebri thirrje p\u00ebr \u201cdeeskalim t\u00eb menj\u00ebhersh\u00ebm\u201d dhe nj\u00eb kthim n\u00eb marr\u00ebveshjen e tij t\u00eb m\u00ebparshme p\u00ebr normalizimin e marr\u00ebdh\u00ebnieve me Kosov\u00ebn.<br \/>\nT\u00eb shtun\u00ebn n\u00eb mbr\u00ebmje, ambasadori i Gjermanis\u00eb n\u00eb SHBA, Andreas Michaelis, e p\u00ebrshkroi situat\u00ebn si \u201cnj\u00eb tjet\u00ebr fu\u00e7i baruti n\u00eb Evrop\u00eb\u201d dhe nj\u00eb rrezik q\u00eb duhet marr\u00eb seriozisht.<\/p>\n","protected":false},"excerpt":{"rendered":"<p>LOND\u00cbR &#8211; Serbia ka t\u00ebrhequr disa nga trupat e saj nga kufiri i Kosov\u00ebs pas paralajm\u00ebrimeve t\u00eb SHBA-s\u00eb se mund t\u00eb p\u00ebrballet me masa nd\u00ebshkuese p\u00ebr at\u00eb q\u00eb Sht\u00ebpia e Bardh\u00eb e quajti nj\u00eb grumbullim \u201ct\u00eb paprecedent\u00eb\u201d t\u00eb trupave dhe armatimit serb. Mediumi britanik \u201cThe Guardian\u201d shkruan se presidenti serb, Aleksandar Vu\u00e7iq njoftoi se kishte [&hellip;]<\/p>\n","protected":false},"author":1,"featured_media":82655,"comment_status":"open","ping_status":"open","sticky":false,"template":"","format":"standard","meta":{"footnotes":""},"categories":[14],"tags":[3803,287,799,6459],"class_list":["post-82654","post","type-post","status-publish","format-standard","has-post-thumbnail","hentry","category-kombetare","tag-aktuale","tag-kosova","tag-serbia","tag-the-guardian"],"_links":{"self":[{"href":"https:\/\/prizrenpost.com\/al\/wp-json\/wp\/v2\/posts\/82654","targetHints":{"allow":["GET"]}}],"collection":[{"href":"https:\/\/prizrenpost.com\/al\/wp-json\/wp\/v2\/posts"}],"about":[{"href":"https:\/\/prizrenpost.com\/al\/wp-json\/wp\/v2\/types\/post"}],"author":[{"embeddable":true,"href":"https:\/\/prizrenpost.com\/al\/wp-json\/wp\/v2\/users\/1"}],"replies":[{"embeddable":true,"href":"https:\/\/prizrenpost.com\/al\/wp-json\/wp\/v2\/comments?post=82654"}],"version-history":[{"count":1,"href":"https:\/\/prizrenpost.com\/al\/wp-json\/wp\/v2\/posts\/82654\/revisions"}],"predecessor-version":[{"id":82656,"href":"https:\/\/prizrenpost.com\/al\/wp-json\/wp\/v2\/posts\/82654\/revisions\/82656"}],"wp:featuredmedia":[{"embeddable":true,"href":"https:\/\/prizrenpost.com\/al\/wp-json\/wp\/v2\/media\/82655"}],"wp:attachment":[{"href":"https:\/\/prizrenpost.com\/al\/wp-json\/wp\/v2\/media?parent=82654"}],"wp:term":[{"taxonomy":"category","embeddable":true,"href":"https:\/\/prizrenpost.com\/al\/wp-json\/wp\/v2\/categories?post=82654"},{"taxonomy":"post_tag","embeddable":true,"href":"https:\/\/prizrenpost.com\/al\/wp-json\/wp\/v2\/tags?post=82654"}],"curies":[{"name":"wp","href":"https:\/\/api.w.org\/{rel}","templated":true}]}}