{"id":82685,"date":"2023-10-05T18:47:12","date_gmt":"2023-10-05T16:47:12","guid":{"rendered":"https:\/\/prizrenpost.com\/al\/?p=82685"},"modified":"2023-10-05T18:51:57","modified_gmt":"2023-10-05T16:51:57","slug":"michel-situata-mes-kosoves-e-serbise-eshte-problem-per-rajonin-dhe-europen","status":"publish","type":"post","link":"https:\/\/prizrenpost.com\/al\/michel-situata-mes-kosoves-e-serbise-eshte-problem-per-rajonin-dhe-europen\/","title":{"rendered":"Michel: Situata mes Kosov\u00ebs e Serbis\u00eb \u00ebsht\u00eb problem p\u00ebr rajonin dhe Europ\u00ebn"},"content":{"rendered":"<p><img decoding=\"async\" src=\"https:\/\/prizrenpost.com\/al\/wp-content\/uploads\/2023\/10\/michel.webp\" alt=\"\" width=\"100%\" height=\"\" class=\"alignnone size-full wp-image-82687\" srcset=\"https:\/\/prizrenpost.com\/al\/wp-content\/uploads\/2023\/10\/michel.webp 1024w, https:\/\/prizrenpost.com\/al\/wp-content\/uploads\/2023\/10\/michel-300x200.webp 300w, https:\/\/prizrenpost.com\/al\/wp-content\/uploads\/2023\/10\/michel-768x512.webp 768w\" sizes=\"(max-width: 1024px) 100vw, 1024px\" \/><\/p>\n<p><strong>GRANADA &#8211; Presidenti i K\u00ebshillit Europian, Charles Michel ka th\u00ebn\u00eb se platforma e Komunitetit Politik Europian duhet t\u00eb ket\u00eb rol t\u00eb r\u00ebnd\u00ebsish\u00ebm n\u00eb uljen e konflikteve p\u00ebr t\u00eb ndihmuar n\u00eb zgjidhjen e tyre, ve\u00e7an\u00ebrisht midis Kosov\u00ebs dhe Serbis\u00eb.<\/strong><\/p>\n<p>Sipas tij, konfliktet si ai mes Kosov\u00ebs e Serbis\u00eb jan\u00eb problem p\u00ebr rajonin dhe m\u00eb gjer\u00eb.<\/p>\n<p>Michel n\u00eb Grenada ku po mbahet samiti i Komunitetit Politik Evropian theksoi se konfliktet nuk jan\u00eb problem vet\u00ebm p\u00ebr ata q\u00eb jan\u00eb drejtp\u00ebrdrejt t\u00eb p\u00ebrfshir\u00eb n\u00eb to, por sipas tij ato jan\u00eb nj\u00eb sfid\u00eb p\u00ebr rajonin dhe m\u00eb gjer\u00eb.<\/p>\n<p>Ai tha se \u00ebsht\u00eb p\u00ebrgjegj\u00ebsi e BE-s\u00eb p\u00ebr t\u00eb garantuar paqe, siguri dhe mir\u00ebqenie.<\/p>\n<p>\u201cBesoj se kjo platform\u00eb e Komunitetit Politik mund t\u00eb luaj\u00eb dhe duhet t\u00eb luaj\u00eb nj\u00eb rol t\u00eb r\u00ebnd\u00ebsish\u00ebm n\u00eb uljen e konflikteve dhe p\u00ebr t\u00eb ndihmuar n\u00eb zgjidhjen e tyre, ve\u00e7an\u00ebrisht\u2026 dhe midis Serbis\u00eb dhe Kosov\u00ebs, sepse konfliktet nuk jan\u00eb vet\u00ebm problem p\u00ebr ata q\u00eb jan\u00eb drejtp\u00ebrdrejt t\u00eb p\u00ebrfshir\u00eb, ato jan\u00eb nj\u00eb problem p\u00ebr rajonin dhe p\u00ebr kontinentet tona. Ne duhet ta p\u00ebrdorim k\u00ebt\u00eb platform\u00eb unike p\u00ebr t\u00eb nd\u00ebrtuar m\u00eb shum\u00eb besim, m\u00eb shum\u00eb besim mes nesh, m\u00eb shum\u00eb paqe, m\u00eb shum\u00eb stabilitet, m\u00eb shum\u00eb parashikueshm\u00ebri. Bota po shikon kontinentin ton\u00eb evropian dhe disa shpresojn\u00eb q\u00eb do t\u00eb d\u00ebshtojn\u00eb, por shum\u00eb t\u00eb tjer\u00eb shpresojn\u00eb se do t\u00eb ken\u00eb sukses. Qytetar\u00ebt tan\u00eb duan q\u00eb ne t\u00eb udh\u00ebheqim dhe t\u00eb jemi nj\u00eb forc\u00eb ndryshimi n\u00eb p\u00ebrmir\u00ebsimin e jet\u00ebs s\u00eb p\u00ebrditshme. Dhe kjo \u00ebsht\u00eb p\u00ebrgjegj\u00ebsia jon\u00eb si udh\u00ebheq\u00ebs p\u00ebr t\u00eb treguar se ne mund t\u00eb punojm\u00eb s\u00eb bashku p\u00ebr t\u00eb garantuar paqen, sigurin\u00eb dhe p\u00ebr t\u00eb p\u00ebrmir\u00ebsuar mir\u00ebqenien, dhe p\u00ebr t\u2019i afruar t\u00eb kat\u00ebr an\u00ebt e kontinentit ton\u00eb. Dhe un\u00eb mendoj se ky komunitet i ve\u00e7ant\u00eb \u00ebsht\u00eb nj\u00eb vizion p\u00ebr t\u00eb ardhmen. Pra, vizioni p\u00ebr nj\u00eb Evrop\u00eb, q\u00eb \u00ebsht\u00eb e bashkuar, q\u00eb \u00ebsht\u00eb paq\u00ebsore, e q\u00ebndrueshme dhe e begat\u00eb\u201d, theksoi ai.<\/p>\n","protected":false},"excerpt":{"rendered":"<p>GRANADA &#8211; Presidenti i K\u00ebshillit Europian, Charles Michel ka th\u00ebn\u00eb se platforma e Komunitetit Politik Europian duhet t\u00eb ket\u00eb rol t\u00eb r\u00ebnd\u00ebsish\u00ebm n\u00eb uljen e konflikteve p\u00ebr t\u00eb ndihmuar n\u00eb zgjidhjen e tyre, ve\u00e7an\u00ebrisht midis Kosov\u00ebs dhe Serbis\u00eb. Sipas tij, konfliktet si ai mes Kosov\u00ebs e Serbis\u00eb jan\u00eb problem p\u00ebr rajonin dhe m\u00eb gjer\u00eb. Michel [&hellip;]<\/p>\n","protected":false},"author":1,"featured_media":82687,"comment_status":"open","ping_status":"open","sticky":false,"template":"","format":"standard","meta":{"footnotes":""},"categories":[33],"tags":[3803,5615,287,1308,799],"class_list":["post-82685","post","type-post","status-publish","format-standard","has-post-thumbnail","hentry","category-europe","tag-aktuale","tag-charles-michel","tag-kosova","tag-parlamenti-europian","tag-serbia"],"_links":{"self":[{"href":"https:\/\/prizrenpost.com\/al\/wp-json\/wp\/v2\/posts\/82685","targetHints":{"allow":["GET"]}}],"collection":[{"href":"https:\/\/prizrenpost.com\/al\/wp-json\/wp\/v2\/posts"}],"about":[{"href":"https:\/\/prizrenpost.com\/al\/wp-json\/wp\/v2\/types\/post"}],"author":[{"embeddable":true,"href":"https:\/\/prizrenpost.com\/al\/wp-json\/wp\/v2\/users\/1"}],"replies":[{"embeddable":true,"href":"https:\/\/prizrenpost.com\/al\/wp-json\/wp\/v2\/comments?post=82685"}],"version-history":[{"count":2,"href":"https:\/\/prizrenpost.com\/al\/wp-json\/wp\/v2\/posts\/82685\/revisions"}],"predecessor-version":[{"id":82692,"href":"https:\/\/prizrenpost.com\/al\/wp-json\/wp\/v2\/posts\/82685\/revisions\/82692"}],"wp:featuredmedia":[{"embeddable":true,"href":"https:\/\/prizrenpost.com\/al\/wp-json\/wp\/v2\/media\/82687"}],"wp:attachment":[{"href":"https:\/\/prizrenpost.com\/al\/wp-json\/wp\/v2\/media?parent=82685"}],"wp:term":[{"taxonomy":"category","embeddable":true,"href":"https:\/\/prizrenpost.com\/al\/wp-json\/wp\/v2\/categories?post=82685"},{"taxonomy":"post_tag","embeddable":true,"href":"https:\/\/prizrenpost.com\/al\/wp-json\/wp\/v2\/tags?post=82685"}],"curies":[{"name":"wp","href":"https:\/\/api.w.org\/{rel}","templated":true}]}}