{"id":82700,"date":"2023-10-06T16:18:11","date_gmt":"2023-10-06T14:18:11","guid":{"rendered":"https:\/\/prizrenpost.com\/al\/?p=82700"},"modified":"2023-10-06T16:18:11","modified_gmt":"2023-10-06T14:18:11","slug":"bashkesia-nderkombetare-te-vendose-sanksione-ndaj-serbise","status":"publish","type":"post","link":"https:\/\/prizrenpost.com\/al\/bashkesia-nderkombetare-te-vendose-sanksione-ndaj-serbise\/","title":{"rendered":"Bashk\u00ebsia nd\u00ebrkomb\u00ebtare t\u00eb vendos\u00eb sanksione ndaj Serbis\u00eb"},"content":{"rendered":"<p><img decoding=\"async\" src=\"https:\/\/prizrenpost.com\/al\/wp-content\/uploads\/2023\/10\/gervalla.jpeg\" alt=\"\" width=\"100%\" height=\"\" class=\"alignnone size-full wp-image-82701\" srcset=\"https:\/\/prizrenpost.com\/al\/wp-content\/uploads\/2023\/10\/gervalla.jpeg 1130w, https:\/\/prizrenpost.com\/al\/wp-content\/uploads\/2023\/10\/gervalla-300x169.jpeg 300w, https:\/\/prizrenpost.com\/al\/wp-content\/uploads\/2023\/10\/gervalla-1024x575.jpeg 1024w, https:\/\/prizrenpost.com\/al\/wp-content\/uploads\/2023\/10\/gervalla-768x432.jpeg 768w\" sizes=\"(max-width: 1130px) 100vw, 1130px\" \/><\/p>\n<p><strong>TIRAN\u00cb &#8211; Ministrja e Jashtme e Kosov\u00ebs, Donika G\u00ebrvalla u shpreh sot n\u00eb Tiran\u00eb se Kosova i ka k\u00ebrkuar bashk\u00ebsis\u00eb nd\u00ebrkomb\u00ebtare t\u00eb vendos\u00eb sanksione ndaj Serbis\u00eb.<\/strong><\/p>\n<p>N\u00eb nj\u00eb prononcim p\u00ebr medie n\u00eb Tiran\u00eb, pas takimit t\u00eb ministrave t\u00eb Jasht\u00ebm t\u00eb Procesit t\u00eb Berlinit, G\u00ebrvalla u shpreh se \u201cmasa m\u00eb e shpejt\u00eb ndaj Serbis\u00eb \u00ebsht\u00eb ngrirja e statusit kandidat n\u00eb BE\u201d.<\/p>\n<p>\u201cGjermania \u00ebsht\u00eb nj\u00eb nga mb\u00ebshtet\u00ebsit kryesor\u00eb t\u00eb Kosov\u00ebs. SHBA-t\u00eb, Mbret\u00ebria e Bashkuar, shum\u00eb shtete t\u00eb BE-s\u00eb jan\u00eb t\u00eb shqet\u00ebsuara p\u00ebr ngjarjet n\u00eb Kosov\u00eb, sulmin n\u00eb Veri, i cili po t\u00eb mos ishte ndalur, sot do t\u00eb kishim territor t\u00eb pushtuar dhe biseda t\u00eb tjera. \u00cbsht\u00eb e r\u00ebnd\u00ebsishme t\u00eb kuptohet mesazhi dhe t\u00eb merren t\u00eb gjitha masat q\u00eb nj\u00eb gj\u00eb e till\u00eb t\u00eb mos p\u00ebrs\u00ebritet as n\u00eb Kosov\u00eb dhe as vendet e tjera q\u00eb kan\u00eb probleme me Serbin\u00eb, e cila sillet si nj\u00eb mini Rusi e vog\u00ebl dhe mendon se ato vende nuk kan\u00eb t\u00eb drejtat e tyre\u201d, u shpreh ajo.<\/p>\n","protected":false},"excerpt":{"rendered":"<p>TIRAN\u00cb &#8211; Ministrja e Jashtme e Kosov\u00ebs, Donika G\u00ebrvalla u shpreh sot n\u00eb Tiran\u00eb se Kosova i ka k\u00ebrkuar bashk\u00ebsis\u00eb nd\u00ebrkomb\u00ebtare t\u00eb vendos\u00eb sanksione ndaj Serbis\u00eb. N\u00eb nj\u00eb prononcim p\u00ebr medie n\u00eb Tiran\u00eb, pas takimit t\u00eb ministrave t\u00eb Jasht\u00ebm t\u00eb Procesit t\u00eb Berlinit, G\u00ebrvalla u shpreh se \u201cmasa m\u00eb e shpejt\u00eb ndaj Serbis\u00eb \u00ebsht\u00eb ngrirja [&hellip;]<\/p>\n","protected":false},"author":1,"featured_media":82701,"comment_status":"open","ping_status":"open","sticky":false,"template":"","format":"standard","meta":{"footnotes":""},"categories":[14],"tags":[3803,3946,287,52],"class_list":["post-82700","post","type-post","status-publish","format-standard","has-post-thumbnail","hentry","category-kombetare","tag-aktuale","tag-donika-gervalla","tag-kosova","tag-shqiperi"],"_links":{"self":[{"href":"https:\/\/prizrenpost.com\/al\/wp-json\/wp\/v2\/posts\/82700","targetHints":{"allow":["GET"]}}],"collection":[{"href":"https:\/\/prizrenpost.com\/al\/wp-json\/wp\/v2\/posts"}],"about":[{"href":"https:\/\/prizrenpost.com\/al\/wp-json\/wp\/v2\/types\/post"}],"author":[{"embeddable":true,"href":"https:\/\/prizrenpost.com\/al\/wp-json\/wp\/v2\/users\/1"}],"replies":[{"embeddable":true,"href":"https:\/\/prizrenpost.com\/al\/wp-json\/wp\/v2\/comments?post=82700"}],"version-history":[{"count":1,"href":"https:\/\/prizrenpost.com\/al\/wp-json\/wp\/v2\/posts\/82700\/revisions"}],"predecessor-version":[{"id":82702,"href":"https:\/\/prizrenpost.com\/al\/wp-json\/wp\/v2\/posts\/82700\/revisions\/82702"}],"wp:featuredmedia":[{"embeddable":true,"href":"https:\/\/prizrenpost.com\/al\/wp-json\/wp\/v2\/media\/82701"}],"wp:attachment":[{"href":"https:\/\/prizrenpost.com\/al\/wp-json\/wp\/v2\/media?parent=82700"}],"wp:term":[{"taxonomy":"category","embeddable":true,"href":"https:\/\/prizrenpost.com\/al\/wp-json\/wp\/v2\/categories?post=82700"},{"taxonomy":"post_tag","embeddable":true,"href":"https:\/\/prizrenpost.com\/al\/wp-json\/wp\/v2\/tags?post=82700"}],"curies":[{"name":"wp","href":"https:\/\/api.w.org\/{rel}","templated":true}]}}