{"id":82726,"date":"2023-10-09T22:04:10","date_gmt":"2023-10-09T20:04:10","guid":{"rendered":"https:\/\/prizrenpost.com\/al\/?p=82726"},"modified":"2023-10-09T22:04:10","modified_gmt":"2023-10-09T20:04:10","slug":"serbia-si-aleate-e-rusise-tentoi-te-kopjoje-skenarin-e-donbasit","status":"publish","type":"post","link":"https:\/\/prizrenpost.com\/al\/serbia-si-aleate-e-rusise-tentoi-te-kopjoje-skenarin-e-donbasit\/","title":{"rendered":"Serbia si aleate e Rusis\u00eb, tentoi t\u00eb kopjoj\u00eb skenarin e Donbasit"},"content":{"rendered":"<p><img decoding=\"async\" src=\"https:\/\/prizrenpost.com\/al\/wp-content\/uploads\/2023\/10\/kurti.jpeg\" alt=\"\" width=\"100%\" height=\"\" class=\"alignnone size-full wp-image-82727\" srcset=\"https:\/\/prizrenpost.com\/al\/wp-content\/uploads\/2023\/10\/kurti.jpeg 1130w, https:\/\/prizrenpost.com\/al\/wp-content\/uploads\/2023\/10\/kurti-300x169.jpeg 300w, https:\/\/prizrenpost.com\/al\/wp-content\/uploads\/2023\/10\/kurti-1024x575.jpeg 1024w, https:\/\/prizrenpost.com\/al\/wp-content\/uploads\/2023\/10\/kurti-768x432.jpeg 768w\" sizes=\"(max-width: 1130px) 100vw, 1130px\" \/><\/p>\n<p><strong>LIVERPOOL &#8211; N\u00eb kuad\u00ebr t\u00eb Konferenc\u00ebs s\u00eb Partis\u00eb Laburiste q\u00eb po mbahet n\u00eb Liverpool, Kryeministri i Republik\u00ebs s\u00eb Kosov\u00ebs, Albin Kurti, n\u00eb drek\u00ebn e organizuar me partit\u00eb simotra, ishte i ftuar si fol\u00ebs kryesor.<\/strong><\/p>\n<p>Ai u shpreh i nderuar p\u00ebr mund\u00ebsin\u00eb q\u00eb t\u2019i drejtohet me nj\u00eb fjalim pjes\u00ebmarr\u00ebsve n\u00eb konferenc\u00eb.<\/p>\n<p>Ndikimi i Partis\u00eb Laburiste n\u00eb fatin e Kosov\u00ebs ka qen\u00eb i r\u00ebnd\u00ebsish\u00ebm dhe i madh, deklaroi kryeministri n\u00eb krye t\u00eb her\u00ebs.<\/p>\n<p>Dy prej momenteve m\u00eb t\u00eb r\u00ebnd\u00ebsishme n\u00eb historin\u00eb e vonshme t\u00eb Kosov\u00ebs jan\u00eb vitet 1999 dhe 2008, \u00e7lirimi p\u00ebrkat\u00ebsisht, pavar\u00ebsia, gjat\u00eb t\u00eb cilave, Partia Laburiste ishte n\u00eb pushtet n\u00eb Mbret\u00ebrin\u00eb e Bashkuar.<\/p>\n<p>\u201cN\u00eb vitin 1999, n\u00ebn udh\u00ebheqjen e Tony Blair, Mbret\u00ebria e Bashkuar ishte pjes\u00eb e intervenimit ushtarak t\u00eb NATO-s, p\u00ebr t\u00eb ndaluar vazhdimin e fushat\u00ebs gjenocidale nga forcat serbe\u2026 pastaj n\u00eb shkurt t\u00eb vitin 2008, menj\u00ebher\u00eb pas shpalljes s\u00eb pavar\u00ebsis\u00eb, Mbret\u00ebria e Bashkuar, me Gordon Brown si kryeminist\u00ebr, ishte nj\u00eb nga vendet e para q\u00eb njoh\u00ebn shtet\u00ebsin\u00eb e Kosov\u00ebs\u201d, deklaroni kryeministri Kurti n\u00eb fjal\u00ebn e tij.<\/p>\n<p>Teksa shpalosi sukseset e Republik\u00ebs s\u00eb Kosov\u00ebs dhe arritjet e deritanishme t\u00eb qeverisjes, kryeministri Kurti theksoi se edhe pse shtet p\u00ebr nj\u00eb koh\u00eb jo shum\u00eb t\u00eb gjat\u00eb, Kosova po d\u00ebshmon se intervenimi i NATO-s dhe nj\u00eb shtet i sapoformuar mund t\u2019i japin jet\u00eb nj\u00eb demokracie t\u00eb plot\u00eb.<\/p>\n<p>Ai foli p\u00ebr qeverisjen social-demokrate n\u00eb Kosov\u00eb, reformat e nd\u00ebrmarra, politikat sociale, t\u00eb pun\u00ebsimit, energjetike si dhe ato n\u00eb arsim, fushat prioritare t\u00eb qeveris\u00eb sipas buxhetit t\u00eb k\u00ebtij viti, indikator\u00ebt ekonomik\u00eb dhe progresin demokratik t\u00eb evidentuar n\u00eb raportet nd\u00ebrkomb\u00ebtare. Fatkeq\u00ebsisht momentumi i arritjeve dhe p\u00ebrparimit \u00ebsht\u00eb duke u sfiduar n\u00eb vazhdim\u00ebsi nga Serbia, tha ai.<\/p>\n<p>Duke folur p\u00ebr sulmin terrorist dhe paramilitar t\u00eb 24 shtatorit, kryeministri Kurti u shpreh se Serbia, si nj\u00eb aleate e Rusis\u00eb, tentoi q\u00eb t\u00eb kopjoj\u00eb skenarin e Donbasit me q\u00ebllim t\u00eb pushtimit t\u00eb veriut.\/Telegrafi<\/p>\n","protected":false},"excerpt":{"rendered":"<p>LIVERPOOL &#8211; N\u00eb kuad\u00ebr t\u00eb Konferenc\u00ebs s\u00eb Partis\u00eb Laburiste q\u00eb po mbahet n\u00eb Liverpool, Kryeministri i Republik\u00ebs s\u00eb Kosov\u00ebs, Albin Kurti, n\u00eb drek\u00ebn e organizuar me partit\u00eb simotra, ishte i ftuar si fol\u00ebs kryesor. Ai u shpreh i nderuar p\u00ebr mund\u00ebsin\u00eb q\u00eb t\u2019i drejtohet me nj\u00eb fjalim pjes\u00ebmarr\u00ebsve n\u00eb konferenc\u00eb. Ndikimi i Partis\u00eb Laburiste n\u00eb [&hellip;]<\/p>\n","protected":false},"author":1,"featured_media":82727,"comment_status":"open","ping_status":"open","sticky":false,"template":"","format":"standard","meta":{"footnotes":""},"categories":[33],"tags":[3803,877,3595,287,915],"class_list":["post-82726","post","type-post","status-publish","format-standard","has-post-thumbnail","hentry","category-europe","tag-aktuale","tag-albin-kurti","tag-britani","tag-kosova","tag-liverpool"],"_links":{"self":[{"href":"https:\/\/prizrenpost.com\/al\/wp-json\/wp\/v2\/posts\/82726","targetHints":{"allow":["GET"]}}],"collection":[{"href":"https:\/\/prizrenpost.com\/al\/wp-json\/wp\/v2\/posts"}],"about":[{"href":"https:\/\/prizrenpost.com\/al\/wp-json\/wp\/v2\/types\/post"}],"author":[{"embeddable":true,"href":"https:\/\/prizrenpost.com\/al\/wp-json\/wp\/v2\/users\/1"}],"replies":[{"embeddable":true,"href":"https:\/\/prizrenpost.com\/al\/wp-json\/wp\/v2\/comments?post=82726"}],"version-history":[{"count":1,"href":"https:\/\/prizrenpost.com\/al\/wp-json\/wp\/v2\/posts\/82726\/revisions"}],"predecessor-version":[{"id":82728,"href":"https:\/\/prizrenpost.com\/al\/wp-json\/wp\/v2\/posts\/82726\/revisions\/82728"}],"wp:featuredmedia":[{"embeddable":true,"href":"https:\/\/prizrenpost.com\/al\/wp-json\/wp\/v2\/media\/82727"}],"wp:attachment":[{"href":"https:\/\/prizrenpost.com\/al\/wp-json\/wp\/v2\/media?parent=82726"}],"wp:term":[{"taxonomy":"category","embeddable":true,"href":"https:\/\/prizrenpost.com\/al\/wp-json\/wp\/v2\/categories?post=82726"},{"taxonomy":"post_tag","embeddable":true,"href":"https:\/\/prizrenpost.com\/al\/wp-json\/wp\/v2\/tags?post=82726"}],"curies":[{"name":"wp","href":"https:\/\/api.w.org\/{rel}","templated":true}]}}