{"id":82739,"date":"2023-10-17T14:12:28","date_gmt":"2023-10-17T12:12:28","guid":{"rendered":"https:\/\/prizrenpost.com\/al\/?p=82739"},"modified":"2023-10-17T14:12:28","modified_gmt":"2023-10-17T12:12:28","slug":"hipokrizia-e-vizave-vazhdon-macron-ka-kercenuar-kosoven-me-zhberjen-e-vendimit-te-vizave","status":"publish","type":"post","link":"https:\/\/prizrenpost.com\/al\/hipokrizia-e-vizave-vazhdon-macron-ka-kercenuar-kosoven-me-zhberjen-e-vendimit-te-vizave\/","title":{"rendered":"Hipokrizia e vizave vazhdon: Macron ka k\u00ebrc\u00ebnuar Kosov\u00ebn me zhb\u00ebrjen e vendimit t\u00eb vizave"},"content":{"rendered":"<p><img decoding=\"async\" src=\"https:\/\/prizrenpost.com\/al\/wp-content\/uploads\/2023\/10\/macron.jpeg\" alt=\"\" width=\"100%\" height=\"\" class=\"alignnone size-full wp-image-82740\" srcset=\"https:\/\/prizrenpost.com\/al\/wp-content\/uploads\/2023\/10\/macron.jpeg 1023w, https:\/\/prizrenpost.com\/al\/wp-content\/uploads\/2023\/10\/macron-300x169.jpeg 300w, https:\/\/prizrenpost.com\/al\/wp-content\/uploads\/2023\/10\/macron-768x432.jpeg 768w\" sizes=\"(max-width: 1023px) 100vw, 1023px\" \/><\/p>\n<p><strong>TIRAN\u00cb &#8211; Presidenti i Franc\u00ebs, Emmanuel Macron, tha n\u00eb Tiran\u00eb m\u00eb 17 tetor se Franca b\u00ebri nj\u00eb &#8220;gjest besimi sa i p\u00ebrket \u00e7\u00ebshtjes s\u00eb vizave p\u00ebr Kosov\u00ebn&#8221;.<\/strong><\/p>\n<p>\u201cDua ta them nj\u00eb gj\u00eb me shum\u00eb qart\u00ebsi. Ne kemi b\u00ebr\u00eb nj\u00eb gjest besimi p\u00ebr \u00e7\u00ebshtjen e vizave. Sa i p\u00ebrket Franc\u00ebs, ato [vizat] jan\u00eb hequr sepse ne respektojm\u00eb fjal\u00ebn e dh\u00ebn\u00eb. E sot, fjala nuk po mbahet. Pres nj\u00eb angazhim real nga k\u00ebto dy autoritete [Kosova dhe Serbia] q\u00eb t\u00eb ecin p\u00ebrpara n\u00eb jav\u00ebt e ardhshme. Ky \u00ebsht\u00eb vet\u00eb kushti p\u00ebr paqe n\u00eb gjith\u00eb rajonin\u201d, deklaroi Macron.<\/p>\n<p>Nga disa media n\u00eb Kosov\u00eb dhe Shqip\u00ebri \u00ebsht\u00eb raportuar se Macroni ka deklaruar n\u00eb Tiran\u00eb se Franca ka suspenduar vendimin p\u00ebr liberalizimin e vizave.<\/p>\n<p>Agjencia franceze e lajmeve, AFP, lidhur me deklarat\u00ebn e Macronit n\u00eb Tiran\u00eb p\u00ebr vizat, tha se me k\u00ebt\u00eb \u201cai e ka k\u00ebrc\u00ebnuar Kosov\u00ebn me zhb\u00ebrjen e vendimit t\u00eb vizave\u201d.<\/p>\n<p>Vendimi p\u00ebr liberalizimin e vizave p\u00ebr Kosov\u00ebn pritet t\u00eb hyj\u00eb n\u00eb fuqi m\u00eb 1 janar 2024.<\/p>\n<p>Macron foli p\u00ebr vizat n\u00eb Tiran\u00eb duke e nd\u00ebrlidhur situat\u00ebn politike mes Kosov\u00ebs dhe Serbis\u00eb.<\/p>\n<p>Gjat\u00eb konferenc\u00ebs p\u00ebr media n\u00eb Shqip\u00ebri, ai tha se ka ndjekur rritjen e tensioneve mes Kosov\u00ebs dhe Serbis\u00eb dhe k\u00ebrkoi q\u00eb t\u00eb dyja pal\u00ebt t\u00eb nd\u00ebrmarrin hapa p\u00ebr t\u00eb shtensionuar situat\u00ebn.<\/p>\n<p>\u201c\u00cbsht\u00eb p\u00ebrgjegj\u00ebsi e [presidentit t\u00eb Serbis\u00eb, Aleksandar] Vu\u00e7iqit t\u2019i d\u00ebnoj\u00eb prerazi sulmet e 24 shtatorit, sepse kontribuon n\u00eb kthimin e qet\u00ebsis\u00eb n\u00eb kufi. Dhe, n\u00eb etapat e ardhshme ajo q\u00eb presim nga autoritetet, nga t\u00eb dyja pal\u00ebt \u00ebsht\u00eb e thjesht\u00eb: Riorganizimi i zgjedhjeve n\u00eb komunat e banuara me shumic\u00eb serbe, pjes\u00ebmarrjen e serb\u00ebve n\u00eb zgjedhje e institucione, krijimi i asociacionit t\u00eb komunave serbe nga autoritetet kosovare. Pres q\u00eb Vu\u00e7iqi t\u00eb jet\u00eb i p\u00ebrgjegjsh\u00ebm dhe t\u00eb nj\u00ebjt\u00ebn gj\u00eb pres edhe nga presidentja dhe kryeministri i Kosov\u00ebs\u201d, tha Macron.\/REL<\/p>\n","protected":false},"excerpt":{"rendered":"<p>TIRAN\u00cb &#8211; Presidenti i Franc\u00ebs, Emmanuel Macron, tha n\u00eb Tiran\u00eb m\u00eb 17 tetor se Franca b\u00ebri nj\u00eb &#8220;gjest besimi sa i p\u00ebrket \u00e7\u00ebshtjes s\u00eb vizave p\u00ebr Kosov\u00ebn&#8221;. \u201cDua ta them nj\u00eb gj\u00eb me shum\u00eb qart\u00ebsi. Ne kemi b\u00ebr\u00eb nj\u00eb gjest besimi p\u00ebr \u00e7\u00ebshtjen e vizave. Sa i p\u00ebrket Franc\u00ebs, ato [vizat] jan\u00eb hequr sepse ne [&hellip;]<\/p>\n","protected":false},"author":1,"featured_media":82740,"comment_status":"open","ping_status":"open","sticky":false,"template":"","format":"standard","meta":{"footnotes":""},"categories":[14],"tags":[3803,4350,1500,287,1090,53,1516],"class_list":["post-82739","post","type-post","status-publish","format-standard","has-post-thumbnail","hentry","category-kombetare","tag-aktuale","tag-emmanuel-macron","tag-franca","tag-kosova","tag-liberalizimi","tag-tirane","tag-vizat"],"_links":{"self":[{"href":"https:\/\/prizrenpost.com\/al\/wp-json\/wp\/v2\/posts\/82739","targetHints":{"allow":["GET"]}}],"collection":[{"href":"https:\/\/prizrenpost.com\/al\/wp-json\/wp\/v2\/posts"}],"about":[{"href":"https:\/\/prizrenpost.com\/al\/wp-json\/wp\/v2\/types\/post"}],"author":[{"embeddable":true,"href":"https:\/\/prizrenpost.com\/al\/wp-json\/wp\/v2\/users\/1"}],"replies":[{"embeddable":true,"href":"https:\/\/prizrenpost.com\/al\/wp-json\/wp\/v2\/comments?post=82739"}],"version-history":[{"count":1,"href":"https:\/\/prizrenpost.com\/al\/wp-json\/wp\/v2\/posts\/82739\/revisions"}],"predecessor-version":[{"id":82741,"href":"https:\/\/prizrenpost.com\/al\/wp-json\/wp\/v2\/posts\/82739\/revisions\/82741"}],"wp:featuredmedia":[{"embeddable":true,"href":"https:\/\/prizrenpost.com\/al\/wp-json\/wp\/v2\/media\/82740"}],"wp:attachment":[{"href":"https:\/\/prizrenpost.com\/al\/wp-json\/wp\/v2\/media?parent=82739"}],"wp:term":[{"taxonomy":"category","embeddable":true,"href":"https:\/\/prizrenpost.com\/al\/wp-json\/wp\/v2\/categories?post=82739"},{"taxonomy":"post_tag","embeddable":true,"href":"https:\/\/prizrenpost.com\/al\/wp-json\/wp\/v2\/tags?post=82739"}],"curies":[{"name":"wp","href":"https:\/\/api.w.org\/{rel}","templated":true}]}}