{"id":82766,"date":"2023-10-18T16:16:13","date_gmt":"2023-10-18T14:16:13","guid":{"rendered":"https:\/\/prizrenpost.com\/al\/?p=82766"},"modified":"2023-10-18T16:27:39","modified_gmt":"2023-10-18T14:27:39","slug":"specialja-e-vazhdon-paraburgimin-thacit-dhe-veselit","status":"publish","type":"post","link":"https:\/\/prizrenpost.com\/al\/specialja-e-vazhdon-paraburgimin-thacit-dhe-veselit\/","title":{"rendered":"Specialja e vazhdon paraburgimin e Tha\u00e7it dhe Veselit"},"content":{"rendered":"<p><img decoding=\"async\" src=\"https:\/\/prizrenpost.com\/al\/wp-content\/uploads\/2023\/10\/thaci-veseli.jpg\" alt=\"\" width=\"100%\" height=\"\" class=\"alignnone size-full wp-image-82768\" srcset=\"https:\/\/prizrenpost.com\/al\/wp-content\/uploads\/2023\/10\/thaci-veseli.jpg 850w, https:\/\/prizrenpost.com\/al\/wp-content\/uploads\/2023\/10\/thaci-veseli-300x189.jpg 300w, https:\/\/prizrenpost.com\/al\/wp-content\/uploads\/2023\/10\/thaci-veseli-768x483.jpg 768w\" sizes=\"(max-width: 850px) 100vw, 850px\" \/><\/p>\n<p><strong>HAG\u00cb &#8211; Ish-presidenti i Kosov\u00ebs Hashim Tha\u00e7i dhe ish-kryetari i Kuvendit t\u00eb Kosov\u00ebs Kadri Veseli, nuk do ta ken\u00eb fatin e nj\u00ebjt\u00eb sikur t\u00eb ish-kreut t\u00eb OVL U\u00c7K-s\u00eb Hysni Gucati, p\u00ebr tu liruar nga Haga.<\/strong><\/p>\n<p>Kjo pasi atyre iu \u00ebsht\u00eb vazhduar paraburgimi.<\/p>\n<p>Vendimi \u00ebsht\u00eb marr\u00eb m\u00eb 16 tetor nga kryetari i trupit gjykues Charles Smith III.<\/p>\n<p>M\u00eb 25 shtator 2023, Zyra e Prokurorit t\u00eb Specializuar kishte d\u00ebrguar parashtresat e saj p\u00ebr rishikimin e mas\u00ebs s\u00eb paraburgimit p\u00ebr Tha\u00e7in dhe Veselin.<\/p>\n<p>Mbrojtja e Tha\u00e7it thuhet se ia kishte dor\u00ebzuar p\u00ebrgjigjet e tyre p\u00ebr k\u00ebt\u00eb parashtres\u00eb m\u00eb 29 shtator 2023, nd\u00ebrsa ajo e Veselit m\u00eb 5 tetor 2023.<\/p>\n<p>Zyra e Prokurorit t\u00eb Specializuar kishte parashtruar se paraburgimi ndaj Tha\u00e7it vazhdon t\u00eb jet\u00eb i arsyetuar dhe se nuk ka asnj\u00eb ndryshim q\u00eb nga vendimi i fundit p\u00ebr parashkrim t\u00eb k\u00ebsaj mase si dhe ajo mbetet proporcionale.<\/p>\n<p>Kjo ishte kund\u00ebrshtuar nga mbrojtja e Tha\u00e7it.<\/p>\n<p>N\u00eb arsyetimin e Gjykat\u00ebs, thuhet se \u00ebsht\u00eb i pamjaftuesh\u00ebm justifikimi se Veseli dhe Tha\u00e7i mund t\u00eb arratisen nga drejt\u00ebsia, megjithat\u00eb thuhet se paneli \u00ebsht\u00eb i bindur se ekziston rreziku se ata mund t\u00eb pengojn\u00eb mbar\u00ebvajtjen e procesit gjyq\u00ebsor dhe t\u00eb kryejn\u00eb krime t\u00eb m\u00ebtejshme kund\u00ebr atyre q\u00eb perceptohen si kund\u00ebrshtar\u00eb t\u00eb U\u00c7K-s\u00eb, duke p\u00ebrfshir\u00eb d\u00ebshmitar\u00ebt q\u00eb kan\u00eb d\u00ebshmuar apo atyre q\u00eb mund t\u00eb ofrojn\u00eb prova n\u00eb k\u00ebt\u00eb rast.<\/p>\n<p>K\u00ebshtu, thuhet se masa e paraburgimit zbut\u00eb rreziqet ekzistuese t\u00eb komunikimit dhe ofrojn\u00eb garanci t\u00eb fort\u00eb kund\u00ebr vizitave t\u00eb pamonitoruara dhe komunikimet me an\u00ebtar\u00ebt e familjes dhe vizitor\u00ebt tjer\u00eb.<\/p>\n<p>N\u00ebp\u00ebrmjet k\u00ebtij vendimi, DHSK ka udh\u00ebzuar Zyr\u00ebn e Prokurorit t\u00eb Specializuar q\u00eb t\u00eb t\u00eb praqes parashtresat p\u00ebr shqyrtimin e radh\u00ebs t\u00eb paraburgimit ndaj Tha\u00e7it dhe Veselit jo m\u00eb von\u00eb se m\u00eb 24 n\u00ebntor 2023.<\/p>\n<p>Ndryshe, Zyra e Prokurorit t\u00eb Specializuar, m\u00eb 30 shtator 2022 ka dor\u00ebzuar aktakuz\u00ebn e konfirmuar t\u00eb ndryshuar ndaj Hashim Tha\u00e7it, Kadri Veselit,<\/p>\n<p>Jakup Krasniqit dhe Rexhep Selimit, e cila p\u00ebrb\u00ebhet nga dhjet\u00eb pika me akuza, ku k\u00ebta t\u00eb fundit ngarkohen p\u00ebr krime lufte e krime kund\u00ebr njer\u00ebzimit.<\/p>\n<p>M\u00eb 29 prill 2022, Zyra e Prokurorit t\u00eb Specializuar kishte dor\u00ebzuar nj\u00eb aktakuz\u00eb t\u00eb ndryshuar ndaj Hashim Tha\u00e7it, Kadri Veselit, Rexhep Selimit e Jakup Krasniqit, ku pretendohet se kat\u00ebr t\u00eb akuzuarit kan\u00eb kryer krime lufte edhe n\u00eb Gjilan, Budakov\u00eb e Semetisht\u00eb.<\/p>\n<p>M\u00eb 9 n\u00ebntor t\u00eb vitit 2020, n\u00eb paraqitjet e tyre t\u00eb para, Jakup Krasniqi e Hashim Tha\u00e7i jan\u00eb deklaruar t\u00eb pafajsh\u00ebm p\u00ebr akuzat q\u00eb u vihen n\u00eb barr\u00eb.<\/p>\n<p>Nj\u00ebjt\u00eb \u00ebsht\u00eb deklaruar edhe Veseli n\u00eb paraqitjen e tij m\u00eb 10 n\u00ebntor, sikurse edhe Rexhep Selimi m\u00eb 11 n\u00ebntor.<\/p>\n<p>Aktakuza ndaj Hashim Tha\u00e7it, Kadri Veselit, Rexhep Selimit dhe Jakup Krasniqit \u00ebsht\u00eb konfirmuar m\u00eb 26 tetor 2020.\/KK<\/p>\n","protected":false},"excerpt":{"rendered":"<p>HAG\u00cb &#8211; Ish-presidenti i Kosov\u00ebs Hashim Tha\u00e7i dhe ish-kryetari i Kuvendit t\u00eb Kosov\u00ebs Kadri Veseli, nuk do ta ken\u00eb fatin e nj\u00ebjt\u00eb sikur t\u00eb ish-kreut t\u00eb OVL U\u00c7K-s\u00eb Hysni Gucati, p\u00ebr tu liruar nga Haga. Kjo pasi atyre iu \u00ebsht\u00eb vazhduar paraburgimi. Vendimi \u00ebsht\u00eb marr\u00eb m\u00eb 16 tetor nga kryetari i trupit gjykues Charles Smith [&hellip;]<\/p>\n","protected":false},"author":1,"featured_media":82768,"comment_status":"open","ping_status":"open","sticky":false,"template":"","format":"standard","meta":{"footnotes":""},"categories":[14],"tags":[3803,1477,862,706],"class_list":["post-82766","post","type-post","status-publish","format-standard","has-post-thumbnail","hentry","category-kombetare","tag-aktuale","tag-gjykata-speciale","tag-hashim-thaci","tag-kadri-veseli"],"_links":{"self":[{"href":"https:\/\/prizrenpost.com\/al\/wp-json\/wp\/v2\/posts\/82766","targetHints":{"allow":["GET"]}}],"collection":[{"href":"https:\/\/prizrenpost.com\/al\/wp-json\/wp\/v2\/posts"}],"about":[{"href":"https:\/\/prizrenpost.com\/al\/wp-json\/wp\/v2\/types\/post"}],"author":[{"embeddable":true,"href":"https:\/\/prizrenpost.com\/al\/wp-json\/wp\/v2\/users\/1"}],"replies":[{"embeddable":true,"href":"https:\/\/prizrenpost.com\/al\/wp-json\/wp\/v2\/comments?post=82766"}],"version-history":[{"count":2,"href":"https:\/\/prizrenpost.com\/al\/wp-json\/wp\/v2\/posts\/82766\/revisions"}],"predecessor-version":[{"id":82770,"href":"https:\/\/prizrenpost.com\/al\/wp-json\/wp\/v2\/posts\/82766\/revisions\/82770"}],"wp:featuredmedia":[{"embeddable":true,"href":"https:\/\/prizrenpost.com\/al\/wp-json\/wp\/v2\/media\/82768"}],"wp:attachment":[{"href":"https:\/\/prizrenpost.com\/al\/wp-json\/wp\/v2\/media?parent=82766"}],"wp:term":[{"taxonomy":"category","embeddable":true,"href":"https:\/\/prizrenpost.com\/al\/wp-json\/wp\/v2\/categories?post=82766"},{"taxonomy":"post_tag","embeddable":true,"href":"https:\/\/prizrenpost.com\/al\/wp-json\/wp\/v2\/tags?post=82766"}],"curies":[{"name":"wp","href":"https:\/\/api.w.org\/{rel}","templated":true}]}}