{"id":82867,"date":"2023-10-30T14:38:50","date_gmt":"2023-10-30T13:38:50","guid":{"rendered":"https:\/\/prizrenpost.com\/al\/?p=82867"},"modified":"2023-10-30T14:38:50","modified_gmt":"2023-10-30T13:38:50","slug":"kush-do-ta-fitoje-topin-e-arte","status":"publish","type":"post","link":"https:\/\/prizrenpost.com\/al\/kush-do-ta-fitoje-topin-e-arte\/","title":{"rendered":"Kush do ta fitoj\u00eb Topin e Art\u00eb?"},"content":{"rendered":"<p><img decoding=\"async\" src=\"https:\/\/prizrenpost.com\/al\/wp-content\/uploads\/2023\/10\/Ballon-d-Or.jpg\" alt=\"\" width=\"100%\" height=\"\" class=\"alignnone size-full wp-image-82868\" srcset=\"https:\/\/prizrenpost.com\/al\/wp-content\/uploads\/2023\/10\/Ballon-d-Or.jpg 1620w, https:\/\/prizrenpost.com\/al\/wp-content\/uploads\/2023\/10\/Ballon-d-Or-300x169.jpg 300w, https:\/\/prizrenpost.com\/al\/wp-content\/uploads\/2023\/10\/Ballon-d-Or-1024x576.jpg 1024w, https:\/\/prizrenpost.com\/al\/wp-content\/uploads\/2023\/10\/Ballon-d-Or-768x432.jpg 768w, https:\/\/prizrenpost.com\/al\/wp-content\/uploads\/2023\/10\/Ballon-d-Or-1536x864.jpg 1536w\" sizes=\"(max-width: 1620px) 100vw, 1620px\" \/><\/p>\n<p><strong>Bota e futbollit ka syt\u00eb n\u00eb kryeqytetin francez Paris, ku n\u00eb mbr\u00ebmje dit\u00ebn e sotme do t\u00eb ndahet \u00e7mimi m\u00eb i madh individual, Topi i Art\u00eb.<\/strong><\/p>\n<p>Lionel Messi, Erling Haaland dhe Kylian Mbappe jan\u00eb kandidat\u00ebt kryesor\u00eb p\u00ebr t\u00eb marr n\u00eb sht\u00ebpi \u00e7mimin prestigjioz.<\/p>\n<p>Ceremonia fillon n\u00eb ora 20:45 dhe mbahet n\u00eb Paris.<\/p>\n<p>Gazeta e famshme franceze \u2018France Football\u2019 p\u00ebrve\u00e7 Topit t\u00eb Art\u00eb p\u00ebr meshkuj, do t\u00eb dhuroj\u00eb t\u00eb nj\u00ebjtin edhe n\u00eb kategorin\u00eb e femrave. Po ashtu do t\u00eb dhurohen edhe \u00e7mimet p\u00ebr portierin m\u00eb t\u00eb mir\u00eb, \u2018Yachine\u2019 dhe ai p\u00ebr talentin m\u00eb t\u00eb mir\u00eb, \u2018Kopa\u2019.<\/p>\n","protected":false},"excerpt":{"rendered":"<p>Bota e futbollit ka syt\u00eb n\u00eb kryeqytetin francez Paris, ku n\u00eb mbr\u00ebmje dit\u00ebn e sotme do t\u00eb ndahet \u00e7mimi m\u00eb i madh individual, Topi i Art\u00eb. Lionel Messi, Erling Haaland dhe Kylian Mbappe jan\u00eb kandidat\u00ebt kryesor\u00eb p\u00ebr t\u00eb marr n\u00eb sht\u00ebpi \u00e7mimin prestigjioz. Ceremonia fillon n\u00eb ora 20:45 dhe mbahet n\u00eb Paris. Gazeta e famshme [&hellip;]<\/p>\n","protected":false},"author":1,"featured_media":82868,"comment_status":"open","ping_status":"open","sticky":false,"template":"","format":"standard","meta":{"footnotes":""},"categories":[7],"tags":[6484,4860,816],"class_list":["post-82867","post","type-post","status-publish","format-standard","has-post-thumbnail","hentry","category-sport","tag-6484","tag-ballon-dor","tag-futboll"],"_links":{"self":[{"href":"https:\/\/prizrenpost.com\/al\/wp-json\/wp\/v2\/posts\/82867","targetHints":{"allow":["GET"]}}],"collection":[{"href":"https:\/\/prizrenpost.com\/al\/wp-json\/wp\/v2\/posts"}],"about":[{"href":"https:\/\/prizrenpost.com\/al\/wp-json\/wp\/v2\/types\/post"}],"author":[{"embeddable":true,"href":"https:\/\/prizrenpost.com\/al\/wp-json\/wp\/v2\/users\/1"}],"replies":[{"embeddable":true,"href":"https:\/\/prizrenpost.com\/al\/wp-json\/wp\/v2\/comments?post=82867"}],"version-history":[{"count":1,"href":"https:\/\/prizrenpost.com\/al\/wp-json\/wp\/v2\/posts\/82867\/revisions"}],"predecessor-version":[{"id":82869,"href":"https:\/\/prizrenpost.com\/al\/wp-json\/wp\/v2\/posts\/82867\/revisions\/82869"}],"wp:featuredmedia":[{"embeddable":true,"href":"https:\/\/prizrenpost.com\/al\/wp-json\/wp\/v2\/media\/82868"}],"wp:attachment":[{"href":"https:\/\/prizrenpost.com\/al\/wp-json\/wp\/v2\/media?parent=82867"}],"wp:term":[{"taxonomy":"category","embeddable":true,"href":"https:\/\/prizrenpost.com\/al\/wp-json\/wp\/v2\/categories?post=82867"},{"taxonomy":"post_tag","embeddable":true,"href":"https:\/\/prizrenpost.com\/al\/wp-json\/wp\/v2\/tags?post=82867"}],"curies":[{"name":"wp","href":"https:\/\/api.w.org\/{rel}","templated":true}]}}