{"id":82880,"date":"2023-11-13T13:36:59","date_gmt":"2023-11-13T12:36:59","guid":{"rendered":"https:\/\/prizrenpost.com\/al\/?p=82880"},"modified":"2023-11-13T13:36:59","modified_gmt":"2023-11-13T12:36:59","slug":"kosova-dhe-serbia-te-enjten-perballen-ne-bruksel","status":"publish","type":"post","link":"https:\/\/prizrenpost.com\/al\/kosova-dhe-serbia-te-enjten-perballen-ne-bruksel\/","title":{"rendered":"Kosova dhe Serbia t\u00eb enjten p\u00ebrballen n\u00eb Bruksel"},"content":{"rendered":"<p><img decoding=\"async\" src=\"https:\/\/prizrenpost.com\/al\/wp-content\/uploads\/2023\/11\/dialogu.jpeg\" alt=\"\" width=\"100%\" height=\"\" class=\"alignnone size-full wp-image-82881\" srcset=\"https:\/\/prizrenpost.com\/al\/wp-content\/uploads\/2023\/11\/dialogu.jpeg 1130w, https:\/\/prizrenpost.com\/al\/wp-content\/uploads\/2023\/11\/dialogu-300x169.jpeg 300w, https:\/\/prizrenpost.com\/al\/wp-content\/uploads\/2023\/11\/dialogu-1024x575.jpeg 1024w, https:\/\/prizrenpost.com\/al\/wp-content\/uploads\/2023\/11\/dialogu-768x432.jpeg 768w\" sizes=\"(max-width: 1130px) 100vw, 1130px\" \/><\/p>\n<p><strong>PRISHTIN\u00cb &#8211; T\u00eb enjten n\u00eb Bruksel do t\u00eb mbahet takimi i radh\u00ebs n\u00eb kuad\u00ebr t\u00eb procesit t\u00eb dialogut Kosov\u00eb-Serbi, n\u00eb nivel kryenegociator\u00ebsh.<\/strong><\/p>\n<p>Ky takim vjen pas vizit\u00ebs s\u00eb fundit q\u00eb pati n\u00eb Prishtin\u00eb, emisari i BE-s\u00eb, p\u00ebr dialogun, Miroslav Laj\u00e7ak.<\/p>\n<p>Laj\u00e7ak gjat\u00eb takimit q\u00eb zhvilloi me z\u00ebvend\u00ebskryeministrin Besnik Bislimi ka diskutuar p\u00ebr \u00e7\u00ebshtjet urgjente t\u00eb pazgjidhura q\u00eb kan\u00eb t\u00eb b\u00ebjn\u00eb me dialogun.<\/p>\n<p>Ai kishte konfirmuar se nj\u00eb takim n\u00eb nivelin e kryengociator\u00ebve do t\u00eb mbahej s\u00eb shpejti n\u00eb Bruksel, por pa dh\u00ebn\u00eb dat\u00eb t\u00eb sakt\u00eb.<\/p>\n<p>Laj\u00e7ak tutje ka theksuar se n\u00eb takimin q\u00eb do t\u00eb mbahet n\u00eb Bruksel, fokusi par\u00ebsor do t\u00eb jet\u00eb n\u00eb arritjen e p\u00ebrparimit t\u00eb menj\u00ebhersh\u00ebm n\u00eb zbatimin e Marr\u00ebveshjes dhe gjetjen e zgjidhjeve t\u00eb q\u00ebndrueshme p\u00ebr situat\u00ebn sfiduese n\u00eb veri t\u00eb Kosov\u00ebs.<\/p>\n<p>E z\u00ebvend\u00ebskryeministri Besnik Bislimi dit\u00eb m\u00eb par\u00eb konfirmoi se takimi do t\u00eb mbahet t\u00eb entjen m\u00eb 16 n\u00ebntor.<\/p>\n<p>Bislimi u shpreh se dakordimi i vet\u00ebm me Laj\u00e7akun n\u00eb Kosov\u00eb, ishte p\u00ebr k\u00ebt\u00eb takim q\u00eb pritet t\u00eb mbahet.<\/p>\n<p>\u201cTakimi i radh\u00ebs mes kryenegociator\u00ebve mbahet t\u00eb enjten e ardhshme n\u00eb Bruksel dhe ky \u00ebsht\u00eb dakordimi i vet\u00ebm q\u00eb kemi arritur. Ky \u00ebsht\u00eb hapi i radh\u00ebs p\u00ebr t\u00eb cilin jemi dakorduar, d.m.th. takimi i radh\u00ebs n\u00eb Bruksel m\u00eb 16 n\u00ebntor\u201d, deklaroi Bislimi dit\u00eb m\u00eb par\u00eb, pasi pranoi Raportin e Progresit.<\/p>\n<p>Sipas tij, nuk ka m\u00eb kompromise n\u00eb negocim, sepse ato kan\u00eb p\u00ebrfunduar.<\/p>\n<p>\u201cJemi n\u00eb faz\u00ebn e zbatimit t\u00eb marr\u00ebveshjeve ku Kosova insiston q\u00eb marr\u00ebveshjet t\u00eb zbatohen n\u00eb plotni, pa parakushte dhe pa vonesa dhe p\u00ebr t\u00eb siguruar q\u00eb marr\u00ebveshjet na d\u00ebrgojn\u00eb drejt normalizimit dhe jo drejt eskalimit t\u00eb konfliktit\u201d, ka deklaruar Bislimi.\/Telegrafi<\/p>\n","protected":false},"excerpt":{"rendered":"<p>PRISHTIN\u00cb &#8211; T\u00eb enjten n\u00eb Bruksel do t\u00eb mbahet takimi i radh\u00ebs n\u00eb kuad\u00ebr t\u00eb procesit t\u00eb dialogut Kosov\u00eb-Serbi, n\u00eb nivel kryenegociator\u00ebsh. Ky takim vjen pas vizit\u00ebs s\u00eb fundit q\u00eb pati n\u00eb Prishtin\u00eb, emisari i BE-s\u00eb, p\u00ebr dialogun, Miroslav Laj\u00e7ak. Laj\u00e7ak gjat\u00eb takimit q\u00eb zhvilloi me z\u00ebvend\u00ebskryeministrin Besnik Bislimi ka diskutuar p\u00ebr \u00e7\u00ebshtjet urgjente t\u00eb [&hellip;]<\/p>\n","protected":false},"author":1,"featured_media":82881,"comment_status":"open","ping_status":"open","sticky":false,"template":"","format":"standard","meta":{"footnotes":""},"categories":[14],"tags":[3803,1686,287,5863,799],"class_list":["post-82880","post","type-post","status-publish","format-standard","has-post-thumbnail","hentry","category-kombetare","tag-aktuale","tag-dialogu","tag-kosova","tag-miroslav-lajcak","tag-serbia"],"_links":{"self":[{"href":"https:\/\/prizrenpost.com\/al\/wp-json\/wp\/v2\/posts\/82880","targetHints":{"allow":["GET"]}}],"collection":[{"href":"https:\/\/prizrenpost.com\/al\/wp-json\/wp\/v2\/posts"}],"about":[{"href":"https:\/\/prizrenpost.com\/al\/wp-json\/wp\/v2\/types\/post"}],"author":[{"embeddable":true,"href":"https:\/\/prizrenpost.com\/al\/wp-json\/wp\/v2\/users\/1"}],"replies":[{"embeddable":true,"href":"https:\/\/prizrenpost.com\/al\/wp-json\/wp\/v2\/comments?post=82880"}],"version-history":[{"count":1,"href":"https:\/\/prizrenpost.com\/al\/wp-json\/wp\/v2\/posts\/82880\/revisions"}],"predecessor-version":[{"id":82882,"href":"https:\/\/prizrenpost.com\/al\/wp-json\/wp\/v2\/posts\/82880\/revisions\/82882"}],"wp:featuredmedia":[{"embeddable":true,"href":"https:\/\/prizrenpost.com\/al\/wp-json\/wp\/v2\/media\/82881"}],"wp:attachment":[{"href":"https:\/\/prizrenpost.com\/al\/wp-json\/wp\/v2\/media?parent=82880"}],"wp:term":[{"taxonomy":"category","embeddable":true,"href":"https:\/\/prizrenpost.com\/al\/wp-json\/wp\/v2\/categories?post=82880"},{"taxonomy":"post_tag","embeddable":true,"href":"https:\/\/prizrenpost.com\/al\/wp-json\/wp\/v2\/tags?post=82880"}],"curies":[{"name":"wp","href":"https:\/\/api.w.org\/{rel}","templated":true}]}}