{"id":82910,"date":"2023-11-19T21:01:32","date_gmt":"2023-11-19T20:01:32","guid":{"rendered":"https:\/\/prizrenpost.com\/al\/?p=82910"},"modified":"2023-11-19T21:01:32","modified_gmt":"2023-11-19T20:01:32","slug":"lorik-cana-as-ne-ffk-as-ne-fshf-derisa-kosova-te-behet-shqiperi","status":"publish","type":"post","link":"https:\/\/prizrenpost.com\/al\/lorik-cana-as-ne-ffk-as-ne-fshf-derisa-kosova-te-behet-shqiperi\/","title":{"rendered":"Lorik Cana &#8211; \u201cAs n\u00eb FFK, as n\u00eb FSHF, derisa Kosova t\u00eb b\u00ebhet Shqip\u00ebri\u201d"},"content":{"rendered":"<p><img decoding=\"async\" src=\"https:\/\/prizrenpost.com\/al\/wp-content\/uploads\/2023\/11\/lorik-cana.jpeg\" alt=\"\" width=\"100%\" height=\"\" class=\"alignnone size-full wp-image-82911\" srcset=\"https:\/\/prizrenpost.com\/al\/wp-content\/uploads\/2023\/11\/lorik-cana.jpeg 1984w, https:\/\/prizrenpost.com\/al\/wp-content\/uploads\/2023\/11\/lorik-cana-300x169.jpeg 300w, https:\/\/prizrenpost.com\/al\/wp-content\/uploads\/2023\/11\/lorik-cana-1024x576.jpeg 1024w, https:\/\/prizrenpost.com\/al\/wp-content\/uploads\/2023\/11\/lorik-cana-768x432.jpeg 768w, https:\/\/prizrenpost.com\/al\/wp-content\/uploads\/2023\/11\/lorik-cana-1536x864.jpeg 1536w\" sizes=\"(max-width: 1984px) 100vw, 1984px\" \/><\/p>\n<p><strong>N\u00eb dit\u00ebt e fundit emri i Lorik Can\u00ebs ka qarkulluar n\u00eb shum\u00eb media sociale, si drejtues i FFK-s\u00eb, pasi P\u00ebrfaq\u00ebsuesja e Kosov\u00ebs d\u00ebshtoi t\u00eb kualifikohej p\u00ebr n\u00eb Euro 2024.<\/strong><\/p>\n<p>N\u00eb nj\u00eb grup me Zvicr\u00ebn, Rumanin\u00eb, Izraelin, Bjellorusin\u00eb dhe Andorr\u00ebn, Dardan\u00ebt edhe pse kan\u00eb nj\u00eb ndeshje m\u00eb pak, me 11 pik\u00eb mbajn\u00eb vendin e kat\u00ebrt.<\/p>\n<p>Rezultatet n\u00eb k\u00ebto eliminatore kan\u00eb b\u00ebr\u00eb q\u00eb jo pak t\u00eb sulmohet krer\u00ebt e FFK-s\u00eb dhe presidenti i saj Agim Ademi.<\/p>\n<p>Nj\u00eb em\u00ebr q\u00eb qarkullonte p\u00ebr t\u00eb marr drejtimin e FFK-s\u00eb ishte Lorik Cana, is futbollisti legjendar shqiptar\u00eb q\u00eb b\u00ebri karrier\u00eb me klube si Marseille, Lazio e Sunderland.<\/p>\n<p>Por n\u00eb nj\u00eb nga postimet n\u00eb rrjetet sociale ka qen\u00eb vet Cana q\u00eb ka komentuar, duke hedhur posht\u00eb mund\u00ebsin\u00eb q\u00eb t\u00eb marr post te FSHF apo FFK.<\/p>\n<p>\u201cRri qet\u00eb v\u00eblla, derisa Kosova nuk b\u00ebhet Shqip\u00ebri, nuk m\u00eb sheh as n\u00eb FFK, as n\u00eb FSHF\u2026Un\u00eb i shikoi pun\u00ebt e mia dhe ti je i k\u00ebnaqur\u2026Deri at\u00ebher\u00eb t\u00eb p\u00ebrsh\u00ebndes! T\u00eb fala nga Gjakova!\u201d, shkruan Lorik Cana n\u00eb nj\u00eb koment.<\/p>\n","protected":false},"excerpt":{"rendered":"<p>N\u00eb dit\u00ebt e fundit emri i Lorik Can\u00ebs ka qarkulluar n\u00eb shum\u00eb media sociale, si drejtues i FFK-s\u00eb, pasi P\u00ebrfaq\u00ebsuesja e Kosov\u00ebs d\u00ebshtoi t\u00eb kualifikohej p\u00ebr n\u00eb Euro 2024. N\u00eb nj\u00eb grup me Zvicr\u00ebn, Rumanin\u00eb, Izraelin, Bjellorusin\u00eb dhe Andorr\u00ebn, Dardan\u00ebt edhe pse kan\u00eb nj\u00eb ndeshje m\u00eb pak, me 11 pik\u00eb mbajn\u00eb vendin e kat\u00ebrt. Rezultatet [&hellip;]<\/p>\n","protected":false},"author":1,"featured_media":82911,"comment_status":"open","ping_status":"open","sticky":false,"template":"","format":"standard","meta":{"footnotes":""},"categories":[7],"tags":[1879,4641,816,1938,1135,4611],"class_list":["post-82910","post","type-post","status-publish","format-standard","has-post-thumbnail","hentry","category-sport","tag-ffk","tag-fshf","tag-futboll","tag-kombetarja","tag-lorik-cana","tag-perfaqesuesja"],"_links":{"self":[{"href":"https:\/\/prizrenpost.com\/al\/wp-json\/wp\/v2\/posts\/82910","targetHints":{"allow":["GET"]}}],"collection":[{"href":"https:\/\/prizrenpost.com\/al\/wp-json\/wp\/v2\/posts"}],"about":[{"href":"https:\/\/prizrenpost.com\/al\/wp-json\/wp\/v2\/types\/post"}],"author":[{"embeddable":true,"href":"https:\/\/prizrenpost.com\/al\/wp-json\/wp\/v2\/users\/1"}],"replies":[{"embeddable":true,"href":"https:\/\/prizrenpost.com\/al\/wp-json\/wp\/v2\/comments?post=82910"}],"version-history":[{"count":1,"href":"https:\/\/prizrenpost.com\/al\/wp-json\/wp\/v2\/posts\/82910\/revisions"}],"predecessor-version":[{"id":82912,"href":"https:\/\/prizrenpost.com\/al\/wp-json\/wp\/v2\/posts\/82910\/revisions\/82912"}],"wp:featuredmedia":[{"embeddable":true,"href":"https:\/\/prizrenpost.com\/al\/wp-json\/wp\/v2\/media\/82911"}],"wp:attachment":[{"href":"https:\/\/prizrenpost.com\/al\/wp-json\/wp\/v2\/media?parent=82910"}],"wp:term":[{"taxonomy":"category","embeddable":true,"href":"https:\/\/prizrenpost.com\/al\/wp-json\/wp\/v2\/categories?post=82910"},{"taxonomy":"post_tag","embeddable":true,"href":"https:\/\/prizrenpost.com\/al\/wp-json\/wp\/v2\/tags?post=82910"}],"curies":[{"name":"wp","href":"https:\/\/api.w.org\/{rel}","templated":true}]}}