{"id":82930,"date":"2023-11-26T14:58:14","date_gmt":"2023-11-26T13:58:14","guid":{"rendered":"https:\/\/prizrenpost.com\/al\/?p=82930"},"modified":"2023-11-26T14:58:14","modified_gmt":"2023-11-26T13:58:14","slug":"vucic-sdo-ta-nenshkruaj-marreveshjen-perfundimtare-me-kosoven","status":"publish","type":"post","link":"https:\/\/prizrenpost.com\/al\/vucic-sdo-ta-nenshkruaj-marreveshjen-perfundimtare-me-kosoven\/","title":{"rendered":"Vu\u00e7i\u00e7: S\u2019do ta n\u00ebnshkruaj marr\u00ebveshjen p\u00ebrfundimtare me Kosov\u00ebn"},"content":{"rendered":"<p><img decoding=\"async\" src=\"https:\/\/prizrenpost.com\/al\/wp-content\/uploads\/2023\/11\/vucic.jpeg\" alt=\"\" width=\"100%\" height=\"\" class=\"alignnone size-full wp-image-82931\" srcset=\"https:\/\/prizrenpost.com\/al\/wp-content\/uploads\/2023\/11\/vucic.jpeg 1130w, https:\/\/prizrenpost.com\/al\/wp-content\/uploads\/2023\/11\/vucic-300x169.jpeg 300w, https:\/\/prizrenpost.com\/al\/wp-content\/uploads\/2023\/11\/vucic-1024x575.jpeg 1024w, https:\/\/prizrenpost.com\/al\/wp-content\/uploads\/2023\/11\/vucic-768x432.jpeg 768w\" sizes=\"(max-width: 1130px) 100vw, 1130px\" \/><\/p>\n<p><strong>BEOGRAD &#8211; Presidenti i Serbis\u00eb, Aleksandar Vu\u00e7iq ka deklaruar se bashk\u00ebsia nd\u00ebrkomb\u00ebtare insiston n\u00eb n\u00ebnshkrimin e marr\u00ebveshjes bazike me Kosov\u00ebn, gj\u00eb q\u00eb ai e ka refuzuar, por se populli i Serbis\u00eb duhet ta dij\u00eb q\u00eb kjo do t\u00eb ket\u00eb pasoja.<\/strong><\/p>\n<p>K\u00ebto komente Vu\u00e7iq i b\u00ebri pasi priti n\u00eb takim nx\u00ebn\u00ebsit dhe arsimtar\u00ebt e shkoll\u00ebs fillore \u201cSveti Sava\u201d, nga Zherovnica e Komun\u00ebs s\u00eb Zve\u00e7anit, ku tha se dit\u00ebt, jav\u00ebt dhe muajt nuk do t\u00eb jen\u00eb t\u00eb leht\u00eb p\u00ebr Serbin\u00eb, pasi q\u00eb p\u00ebrfaq\u00ebsues t\u00eb BE-s\u00eb dhe SHBA-s\u00eb, do t\u00eb p\u00ebrpiqen t\u00eb zgjidhin shum\u00eb gj\u00ebra n\u00eb Kosov\u00eb, para zgjedhjeve n\u00eb Shtetet e Bashkuara t\u00eb Amerik\u00ebs dhe para zgjedhjeve europiane.<\/p>\n<p>\u201cDo t\u00eb ket\u00eb m\u00eb shum\u00eb presion dhe ata do t\u00eb p\u00ebrfitojn\u00eb nga situata se Serbia ka di\u00e7ka p\u00ebr t\u00eb humbur, prandaj u than\u00eb shqiptar\u00ebve, ne do t\u2019iu vendosim sanksione, por ato nuk jan\u00eb realisht sanksione dhe me k\u00ebt\u00eb do t\u00eb shantazhojm\u00eb Serbin\u00eb, sepse Serbia ka di\u00e7ka p\u00ebr t\u00eb humbur, p\u00ebr sa i p\u00ebrket imazhit dhe gjith\u00e7ka tjet\u00ebr. K\u00ebshtu q\u00eb shum\u00eb gj\u00ebra t\u00eb v\u00ebshtira, jo shum\u00eb dit\u00eb, jav\u00eb dhe muaj t\u00eb leht\u00eb jan\u00eb p\u00ebrpara nesh, sepse ata do t\u00eb p\u00ebrpiqen t\u00eb zgjidhin shum\u00eb gj\u00ebra n\u00eb Kosov\u00eb para zgjedhjeve n\u00eb Shtetet e Bashkuara t\u00eb Amerik\u00ebs dhe para zgjedhjeve europiane\u201d, tha ai.<\/p>\n<p>Vu\u00e7iq ka komentuar edhe takimin q\u00eb do ta ket\u00eb sot me gjeneralin Moisiloviq, ku tha se n\u00eb k\u00ebt\u00eb takim nuk do t\u00eb ket\u00eb asnj\u00eb diskutim tjet\u00ebr p\u00ebrvec situat\u00ebs s\u00eb siguris\u00eb n\u00eb Kosov\u00eb.<\/p>\n<p>Ai shtoi se bashk\u00ebsia nd\u00ebrkomb\u00ebtare insiston n\u00eb marr\u00ebveshjen bazike me Kosov\u00ebn dhe se populli i Serbis\u00eb duhet ta dij\u00eb se do t\u00eb ket\u00eb pasoja.,<\/p>\n<p>\u201cN\u00eb thelb q\u00ebllimi i tyre \u00ebsht\u00eb t\u00eb na detyrojn\u00eb n\u00eb nj\u00eb m\u00ebnyr\u00eb ose n\u00eb nj\u00eb tjet\u00ebr t\u00eb na fusin n\u00eb nj\u00eb korniz\u00eb ligjore n\u00eb t\u00eb cil\u00ebn do ta njohim pavar\u00ebsin\u00eb e Kosov\u00ebs n\u00eb nj\u00eb m\u00ebnyr\u00eb apo tjet\u00ebr, dhe nuk \u00ebsht\u00eb \u00e7\u00ebshtja n\u00ebse doni ta zgjidhni problemin me disa zgjedhje n\u00eb veri, n\u00ebse doni ta zgjidhni problemin e mbajtjes s\u00eb zgjedhjeve p\u00ebr Serbin\u00eb. T\u00eb gjitha k\u00ebto jan\u00eb probleme, por asnj\u00ebri prej tyre nuk \u00ebsht\u00eb problemi m\u00eb i madh apo thelbi i t\u00eb gjith\u00ebve, n\u00ebse ju e zgjidhni \u00e7\u00ebshtjen e dokumentit, si\u00e7 kemi zgjidhur ne, apo n\u00ebse e zgjidhni apo nuk e zgjidhni problemin e tabelave, asnj\u00eb nga k\u00ebto nuk \u00ebsht\u00eb vendimtare. Thelb\u00ebsore \u00ebsht\u00eb n\u00ebse do t\u2019i l\u00ebm\u00eb ata n\u00eb Kombet e Bashkuara apo jo, dhe n\u00eb fund, nuk do ta b\u00ebjm\u00eb, por duhet t\u00eb keni parasysh, \u00ebsht\u00eb e leht\u00eb t\u00eb thuhet dhe \u00ebsht\u00eb e leht\u00eb p\u00ebr \u00e7do person t\u00eb thot\u00eb at\u00eb q\u00eb d\u00ebshiron, ju vet\u00ebm duhet t\u00eb n\u00ebse e dini se p\u00ebr k\u00ebt\u00eb ka edhe pasoja.<\/p>\n","protected":false},"excerpt":{"rendered":"<p>BEOGRAD &#8211; Presidenti i Serbis\u00eb, Aleksandar Vu\u00e7iq ka deklaruar se bashk\u00ebsia nd\u00ebrkomb\u00ebtare insiston n\u00eb n\u00ebnshkrimin e marr\u00ebveshjes bazike me Kosov\u00ebn, gj\u00eb q\u00eb ai e ka refuzuar, por se populli i Serbis\u00eb duhet ta dij\u00eb q\u00eb kjo do t\u00eb ket\u00eb pasoja. K\u00ebto komente Vu\u00e7iq i b\u00ebri pasi priti n\u00eb takim nx\u00ebn\u00ebsit dhe arsimtar\u00ebt e shkoll\u00ebs fillore [&hellip;]<\/p>\n","protected":false},"author":1,"featured_media":82931,"comment_status":"open","ping_status":"open","sticky":false,"template":"","format":"standard","meta":{"footnotes":""},"categories":[15],"tags":[3803,1159,287,903,799],"class_list":["post-82930","post","type-post","status-publish","format-standard","has-post-thumbnail","hentry","category-ballkan","tag-aktuale","tag-aleksandar-vucic","tag-kosova","tag-marreveshja","tag-serbia"],"_links":{"self":[{"href":"https:\/\/prizrenpost.com\/al\/wp-json\/wp\/v2\/posts\/82930","targetHints":{"allow":["GET"]}}],"collection":[{"href":"https:\/\/prizrenpost.com\/al\/wp-json\/wp\/v2\/posts"}],"about":[{"href":"https:\/\/prizrenpost.com\/al\/wp-json\/wp\/v2\/types\/post"}],"author":[{"embeddable":true,"href":"https:\/\/prizrenpost.com\/al\/wp-json\/wp\/v2\/users\/1"}],"replies":[{"embeddable":true,"href":"https:\/\/prizrenpost.com\/al\/wp-json\/wp\/v2\/comments?post=82930"}],"version-history":[{"count":1,"href":"https:\/\/prizrenpost.com\/al\/wp-json\/wp\/v2\/posts\/82930\/revisions"}],"predecessor-version":[{"id":82932,"href":"https:\/\/prizrenpost.com\/al\/wp-json\/wp\/v2\/posts\/82930\/revisions\/82932"}],"wp:featuredmedia":[{"embeddable":true,"href":"https:\/\/prizrenpost.com\/al\/wp-json\/wp\/v2\/media\/82931"}],"wp:attachment":[{"href":"https:\/\/prizrenpost.com\/al\/wp-json\/wp\/v2\/media?parent=82930"}],"wp:term":[{"taxonomy":"category","embeddable":true,"href":"https:\/\/prizrenpost.com\/al\/wp-json\/wp\/v2\/categories?post=82930"},{"taxonomy":"post_tag","embeddable":true,"href":"https:\/\/prizrenpost.com\/al\/wp-json\/wp\/v2\/tags?post=82930"}],"curies":[{"name":"wp","href":"https:\/\/api.w.org\/{rel}","templated":true}]}}