{"id":82935,"date":"2023-12-02T14:14:15","date_gmt":"2023-12-02T13:14:15","guid":{"rendered":"https:\/\/prizrenpost.com\/al\/?p=82935"},"modified":"2023-12-02T14:14:15","modified_gmt":"2023-12-02T13:14:15","slug":"presidenti-turk-i-ben-thirrje-icc-qe-te-mbaje-pergjegjes-kasapet-e-gazes-vecanerisht-netanyahun","status":"publish","type":"post","link":"https:\/\/prizrenpost.com\/al\/presidenti-turk-i-ben-thirrje-icc-qe-te-mbaje-pergjegjes-kasapet-e-gazes-vecanerisht-netanyahun\/","title":{"rendered":"Presidenti turk i b\u00ebn thirrje ICC q\u00eb t\u00eb mbaj\u00eb p\u00ebrgjegj\u00ebs &#8216;kasap\u00ebt e Gaz\u00ebs&#8217;, ve\u00e7an\u00ebrisht Netanyahun"},"content":{"rendered":"<p><img decoding=\"async\" src=\"https:\/\/prizrenpost.com\/al\/wp-content\/uploads\/2023\/12\/erdogan.jpeg\" alt=\"\" width=\"100%\" height=\"\" class=\"alignnone size-full wp-image-82936\" srcset=\"https:\/\/prizrenpost.com\/al\/wp-content\/uploads\/2023\/12\/erdogan.jpeg 864w, https:\/\/prizrenpost.com\/al\/wp-content\/uploads\/2023\/12\/erdogan-300x169.jpeg 300w, https:\/\/prizrenpost.com\/al\/wp-content\/uploads\/2023\/12\/erdogan-768x432.jpeg 768w\" sizes=\"(max-width: 864px) 100vw, 864px\" \/><\/p>\n<p><strong>DUBAI &#8211; Presidenti turk Rexhep Tajip Erdogan ka th\u00ebn\u00eb se ai pret q\u00eb Gjykata Nd\u00ebrkomb\u00ebtare Penale (ICC) t\u00eb siguroj\u00eb p\u00ebrgjegj\u00ebsi p\u00ebr &#8220;kasap\u00ebt e Gaz\u00ebs&#8221;, ve\u00e7an\u00ebrisht p\u00ebr kryeministrin izraelit Benjamin Netanyahu.<\/strong><\/p>\n<p>Duke folur me gazetar\u00ebt n\u00eb bordin e avionit presidencial q\u00eb kthehej nga Dubai, ku mori pjes\u00eb n\u00eb samitin e klim\u00ebs COP28, Erdogan theksoi nevoj\u00ebn p\u00ebr dh\u00ebnien e d\u00ebnimeve t\u00eb nevojshme p\u00ebr ata q\u00eb jan\u00eb kapur n\u00eb flagranc\u00eb n\u00eb incidentet e raportuara n\u00eb Gaza.<\/p>\n<p>Ata do t\u00eb ndjekin nga af\u00ebr procedurat n\u00eb Hag\u00eb, tha Erdogan, duke shprehur shpres\u00ebn se vendimi do t\u00eb sjell\u00eb nj\u00eb ndjenj\u00eb drejt\u00ebsie p\u00ebr ata q\u00eb presin.<\/p>\n<p>Duke d\u00ebnuar veprimet izraelite n\u00eb Gaza, ai tha: &#8220;Ky \u00ebsht\u00eb terroriz\u00ebm shtet\u00ebror. Ne nuk mund t\u00eb q\u00ebndrojm\u00eb t\u00eb heshtur kund\u00ebr k\u00ebtij terrorizmi shtet\u00ebror&#8221;.<\/p>\n<p>Masakra e administrat\u00ebs s\u00eb Netanyahut n\u00eb Gaza \u00ebsht\u00eb gdhendur n\u00eb histori si nj\u00eb &#8220;njoll\u00eb e zez\u00eb&#8221;, tha Erdogan, duke shtuar se vendet q\u00eb e mb\u00ebshtesin pa kushte k\u00ebt\u00eb jan\u00eb &#8220;t\u00eb njollosura gjithashtu&#8221;.<\/p>\n<p>Bota nuk do ta harroj\u00eb kurr\u00eb indiferenc\u00ebn e treguar nga k\u00ebto shtete dhe organizata nd\u00ebrkomb\u00ebtare, shtoi ai.<\/p>\n<p>&#8220;Zyrtar\u00ebt izraelit\u00eb, t\u00eb cil\u00ebt jan\u00eb njohur si viktima t\u00eb gjenocidit, tani jan\u00eb kthyer n\u00eb vras\u00ebs t\u00eb paraardh\u00ebsve t\u00eb tyre,&#8221; vuri n\u00eb dukje ai.<\/p>\n<p>Ushtria izraelite rifilloi bombardimet n\u00eb Rripin e Gaz\u00ebs her\u00ebt t\u00eb premten pasi shpalli fundin e nj\u00eb pauze humanitare nj\u00ebjavore me grupin e rezistenc\u00ebs palestineze, Hamasin.<\/p>\n<p>T\u00eb pakt\u00ebn 178 palestinez\u00eb jan\u00eb vrar\u00eb dhe 589 jan\u00eb plagosur t\u00eb premten n\u00eb sulmet ajrore izraelite, sipas Ministris\u00eb s\u00eb Sh\u00ebndet\u00ebsis\u00eb s\u00eb Gaz\u00ebs.<\/p>\n<p>Pauza humanitare filloi m\u00eb 24 n\u00ebntor si pjes\u00eb e nj\u00eb marr\u00ebveshjeje midis Izraelit dhe Hamasit p\u00ebr t\u00eb ndalur p\u00ebrkoh\u00ebsisht luftimet p\u00ebr t\u00eb lejuar shk\u00ebmbimin e pengjeve dhe d\u00ebrgimin e ndihmave.<\/p>\n<p>M\u00eb shum\u00eb se 15,000 palestinez\u00eb, kryesisht f\u00ebmij\u00eb dhe gra, jan\u00eb vrar\u00eb n\u00eb sulmet izraelite q\u00eb nga 7 tetori pas nj\u00eb sulmi nd\u00ebrkufitar nga Hamasi.<\/p>\n<p>Rreth 1200 izraelit\u00eb jan\u00eb vrar\u00eb gjithashtu, sipas vler\u00ebsimeve zyrtare.<\/p>\n","protected":false},"excerpt":{"rendered":"<p>DUBAI &#8211; Presidenti turk Rexhep Tajip Erdogan ka th\u00ebn\u00eb se ai pret q\u00eb Gjykata Nd\u00ebrkomb\u00ebtare Penale (ICC) t\u00eb siguroj\u00eb p\u00ebrgjegj\u00ebsi p\u00ebr &#8220;kasap\u00ebt e Gaz\u00ebs&#8221;, ve\u00e7an\u00ebrisht p\u00ebr kryeministrin izraelit Benjamin Netanyahu. Duke folur me gazetar\u00ebt n\u00eb bordin e avionit presidencial q\u00eb kthehej nga Dubai, ku mori pjes\u00eb n\u00eb samitin e klim\u00ebs COP28, Erdogan theksoi nevoj\u00ebn p\u00ebr [&hellip;]<\/p>\n","protected":false},"author":1,"featured_media":82936,"comment_status":"open","ping_status":"open","sticky":false,"template":"","format":"standard","meta":{"footnotes":""},"categories":[24],"tags":[3803,5159,234,5332,1378,1198,1059,310],"class_list":["post-82935","post","type-post","status-publish","format-standard","has-post-thumbnail","hentry","category-bote","tag-aktuale","tag-benjamin-netanyahu","tag-gaza","tag-gjykata-nderkombetare-penale","tag-izraeli","tag-palestina","tag-recep-tayyip-erdogan","tag-turqia"],"_links":{"self":[{"href":"https:\/\/prizrenpost.com\/al\/wp-json\/wp\/v2\/posts\/82935","targetHints":{"allow":["GET"]}}],"collection":[{"href":"https:\/\/prizrenpost.com\/al\/wp-json\/wp\/v2\/posts"}],"about":[{"href":"https:\/\/prizrenpost.com\/al\/wp-json\/wp\/v2\/types\/post"}],"author":[{"embeddable":true,"href":"https:\/\/prizrenpost.com\/al\/wp-json\/wp\/v2\/users\/1"}],"replies":[{"embeddable":true,"href":"https:\/\/prizrenpost.com\/al\/wp-json\/wp\/v2\/comments?post=82935"}],"version-history":[{"count":1,"href":"https:\/\/prizrenpost.com\/al\/wp-json\/wp\/v2\/posts\/82935\/revisions"}],"predecessor-version":[{"id":82937,"href":"https:\/\/prizrenpost.com\/al\/wp-json\/wp\/v2\/posts\/82935\/revisions\/82937"}],"wp:featuredmedia":[{"embeddable":true,"href":"https:\/\/prizrenpost.com\/al\/wp-json\/wp\/v2\/media\/82936"}],"wp:attachment":[{"href":"https:\/\/prizrenpost.com\/al\/wp-json\/wp\/v2\/media?parent=82935"}],"wp:term":[{"taxonomy":"category","embeddable":true,"href":"https:\/\/prizrenpost.com\/al\/wp-json\/wp\/v2\/categories?post=82935"},{"taxonomy":"post_tag","embeddable":true,"href":"https:\/\/prizrenpost.com\/al\/wp-json\/wp\/v2\/tags?post=82935"}],"curies":[{"name":"wp","href":"https:\/\/api.w.org\/{rel}","templated":true}]}}