{"id":82997,"date":"2024-01-05T16:45:03","date_gmt":"2024-01-05T15:45:03","guid":{"rendered":"https:\/\/prizrenpost.com\/al\/?p=82997"},"modified":"2024-01-05T16:45:03","modified_gmt":"2024-01-05T15:45:03","slug":"ahmeti-thote-se-greqia-mund-ta-njohe-kosoven","status":"publish","type":"post","link":"https:\/\/prizrenpost.com\/al\/ahmeti-thote-se-greqia-mund-ta-njohe-kosoven\/","title":{"rendered":"Ahmeti thot\u00eb se Greqia mund ta njoh\u00eb Kosov\u00ebn"},"content":{"rendered":"<p><img decoding=\"async\" src=\"https:\/\/prizrenpost.com\/al\/wp-content\/uploads\/2024\/01\/kreshnik-ahmeti.jpg\" alt=\"\" width=\"100%\" height=\"\" class=\"alignnone size-full wp-image-82998\" srcset=\"https:\/\/prizrenpost.com\/al\/wp-content\/uploads\/2024\/01\/kreshnik-ahmeti.jpg 2048w, https:\/\/prizrenpost.com\/al\/wp-content\/uploads\/2024\/01\/kreshnik-ahmeti-300x200.jpg 300w, https:\/\/prizrenpost.com\/al\/wp-content\/uploads\/2024\/01\/kreshnik-ahmeti-1024x683.jpg 1024w, https:\/\/prizrenpost.com\/al\/wp-content\/uploads\/2024\/01\/kreshnik-ahmeti-768x512.jpg 768w, https:\/\/prizrenpost.com\/al\/wp-content\/uploads\/2024\/01\/kreshnik-ahmeti-1536x1024.jpg 1536w\" sizes=\"(max-width: 2048px) 100vw, 2048px\" \/><\/p>\n<p><strong>PRISHTIN\u00cb &#8211; Z\u00ebvend\u00ebsministri i Jasht\u00ebm dhe Diaspor\u00ebs, Kreshnik Ahmeti, thot\u00eb se Kosova ka sh\u00ebnuar sukses n\u00eb diplomacin\u00eb e jashtme gjat\u00eb vitit 2023.<\/strong><\/p>\n<p>Sipas tij, angazhimi \u00ebsht\u00eb i p\u00ebrditsh\u00ebm p\u00ebr t\u00eb siguruar njohje t\u00eb reja dhe p\u00ebr an\u00ebtar\u00ebsim n\u00eb organizata nd\u00ebrkomb\u00ebtare, t\u00eb cilat do t\u00eb fuqizonin subjektivitetin nd\u00ebrkomb\u00ebtar t\u00eb Kosov\u00ebs.<\/p>\n<p>Ai p\u00ebrmend Greqin\u00eb si mund\u00ebsi q\u00eb mund ta njoh\u00eb Kosov\u00ebn, pasi thekson se raportet mes dy vendeve jan\u00eb p\u00ebrafruar shum\u00eb.<\/p>\n<p>Duke folur p\u00ebr dialogun, ai akuzon Serbin\u00eb p\u00ebr moszbatim t\u00eb marr\u00ebveshjes baz\u00eb, derisa thot\u00eb se prioritet baz\u00eb n\u00eb k\u00ebt\u00eb faz\u00eb \u00ebsht\u00eb siguria e Kosov\u00ebs.<\/p>\n<p>Ahmeti n\u00eb nj\u00eb intervist\u00eb p\u00ebr KosovaPress thot\u00eb se Kosova tashm\u00eb \u00ebsht\u00eb etabluar si realitet n\u00eb aren\u00ebn nd\u00ebrkomb\u00ebtare, por shton se njohjet e reja nuk mund t\u00eb vijn\u00eb \u201cn\u00eb val\u00eb\u201d si\u00e7 kan\u00eb qen\u00eb pas shpalljes s\u00eb pavar\u00ebsis\u00eb.<\/p>\n<p>\u201cSynimet jan\u00eb aty, angazhimi \u00ebsht\u00eb i p\u00ebrditsh\u00ebm n\u00eb k\u00ebt\u00eb drejtim. \u00cbsht\u00eb e qart\u00eb se njohjet e reja ka vite q\u00eb tregojn\u00eb se nuk mund t\u00eb vijn\u00eb n\u00eb val\u00eb si\u00e7 kan\u00eb ardhur menj\u00ebher\u00eb pas shpalljes s\u00eb pavar\u00ebsis\u00eb, p\u00ebr arsye tashm\u00eb t\u00eb ditura, pasi 117 vende ve\u00e7se e kan\u00eb njohur Kosov\u00ebs. Ka zhvillime n\u00eb nj\u00eb num\u00ebr t\u00eb vendeve, ve\u00e7mas t\u00eb k\u00ebtyre t\u00eb Bashkimit Evropian, kat\u00ebr prej t\u00eb cilave jan\u00eb edhe an\u00ebtare t\u00eb NATO-s. Duke prioritizuar k\u00ebto sepse edhe synimet multilaterale kan\u00eb p\u00ebr prioritet BE-n\u00eb dhe NATO-n. Me Greqin\u00eb kemi pasur zhvillimin m\u00eb t\u00eb theksuar, kur kemi ngritur statusin e zyr\u00ebs son\u00eb n\u00eb Athin\u00eb nga nj\u00eb zyr\u00eb p\u00ebr \u00e7\u00ebshtje ekonomike n\u00eb nj\u00eb zyr\u00eb p\u00ebr \u00e7\u00ebshtje t\u00eb interesave p\u00ebr Kosov\u00ebn\u201d, thekson z\u00ebvend\u00ebsministri Ahmeti.<\/p>\n<p>Krahas k\u00ebsaj, Ahmeti \u00ebsht\u00eb optimist se n\u00eb vitin 2024 do t\u00eb ket\u00eb l\u00ebvizje pozitive sa i p\u00ebrket an\u00ebtar\u00ebsimit t\u00eb Kosov\u00ebs n\u00eb K\u00ebshill t\u00eb Evrop\u00ebs. Ai deklaron se raporti i jurist\u00ebve eminent t\u00eb KiE-s\u00eb p\u00ebr Kosov\u00ebs ka qen\u00eb pozitive dhe se s\u2019ka asnj\u00eb kusht\u00ebzim sa i p\u00ebrket dialogut me Serbin\u00eb.<\/p>\n<p>Diplomati Ahmeti e sheh t\u00eb nevojshme q\u00eb sa m\u00eb shpejt t\u2019i jepet \u201cdrita e gjelb\u00ebr\u201d Kosov\u00ebs sa i p\u00ebrket marrjes s\u00eb statusit vend kandidat p\u00ebr an\u00ebtar\u00ebsim n\u00eb Bashkimin Evropian.<\/p>\n<p>\u201cKa qen\u00eb nj\u00eb raport i mir\u00eb p\u00ebr procesin e an\u00ebtar\u00ebsimit. \u00cbsht\u00eb b\u00ebr\u00eb nj\u00eb hap i r\u00ebnd\u00ebsish\u00ebm me t\u00eb, pasi detyra e jurist\u00ebve eminent\u00eb ka qen\u00eb t\u2019i japin p\u00ebrgjigje pyetjes se: sistemi ligjor i Kosov\u00ebs a \u00ebsht\u00eb n\u00eb nivelin e standardeve t\u00eb K\u00ebshillit t\u00eb Evrop\u00ebs? P\u00ebrgjigjja \u00ebsht\u00eb e qart\u00eb te p\u00ebrfundimet e raportit, se \u00ebsht\u00eb dhe p\u00ebr m\u00eb tep\u00ebr tejkalon standardet nd\u00ebrkomb\u00ebtare\u2026Nj\u00eb pjes\u00eb e rekomandimeve si duket nuk kan\u00eb pasur informacionin e duhur se ne q\u00ebndrojm\u00eb m\u00eb mir\u00eb sesa \u00e7far\u00eb rekomandohet aty. Tash nga institucionet q\u00eb jan\u00eb pjes\u00eb e grupit koordinues po i marrim inputet po e nd\u00ebrtojm\u00eb nj\u00eb dokument, t\u00eb cilin do ta ndajm\u00eb me K\u00ebshillin e Evrop\u00ebs, n\u00eb m\u00ebnyr\u00eb q\u00eb t\u00eb kemi parasysh se ku q\u00ebndron Kosova n\u00eb k\u00ebt\u00eb \u00e7\u00ebshtje. Nuk ka asnj\u00eb kriter p\u00ebr an\u00ebtar\u00ebsim deri n\u00eb raportin e jurist\u00ebve eminent\u00eb, pasi ky \u00ebsht\u00eb nj\u00eb element i r\u00ebnd\u00ebsish\u00ebm\u2026 Nuk mund t\u00eb jap zotim, pasi K\u00ebshilli i Evrop\u00ebs nuk parasheh afate brenda procedurave t\u00eb brendshme dhe kjo \u00ebsht\u00eb v\u00ebshtir\u00eb t\u00eb ket\u00eb parashikim t\u00eb sakt\u00eb. Por l\u00ebvizje jam i bindur se do t\u00eb ket\u00eb\u201d, shton Ahmeti.<\/p>\n<p>Megjithat\u00eb, ai kritikon Bashkimin Evropian p\u00ebr masat nd\u00ebshkuese ndaj Kosov\u00ebs, t\u00eb cilat sipas tij po e d\u00ebmtojn\u00eb vendin dhe po japin sinjal t\u00eb gabuar p\u00ebr t\u00ebr\u00eb rajonin.<\/p>\n<p>\u201cFatkeq\u00ebsisht, po. Masat, t\u00eb cilat jan\u00eb plot\u00ebsisht t\u00eb padrejta dhe q\u00eb nuk i kontribuojn\u00eb stabilitetit n\u00eb rajon. Jan\u00eb masa kund\u00ebr nj\u00eb vendi q\u00eb \u00ebsht\u00eb m\u00eb demokratiku n\u00eb rajon, i pari p\u00ebr sundimin e ligjit, i pari p\u00ebr reformat n\u00eb drejt\u00ebsi n\u00eb p\u00ebrputhje me Komisionin e Venecias. Vendi, i cili edhe pse i fundit n\u00eb kuptimin formal t\u00eb procesit t\u00eb an\u00ebtar\u00ebsimit n\u00eb BE, kemi adaptuar t\u00eb gjitha pakot e sanksioneve duke p\u00ebrfshir\u00eb k\u00ebto kund\u00ebr Bjellorusis\u00eb dhe Rusis\u00eb\u201d, deklaron ai.<\/p>\n<p>N\u00eb an\u00ebn tjet\u00ebr, Ahmeti thot\u00eb se tashm\u00eb kan\u00eb ndryshuar rrethanat sa i p\u00ebrket draft-statutit t\u00eb asociacionit t\u00eb komunave me shumic\u00eb serbe n\u00eb Kosov\u00eb, pas deklarimit t\u00eb emisarit t\u00eb BE-s\u00eb p\u00ebr dialogun, Miroslav Laj\u00e7ak se kjo \u00ebsht\u00eb \u00e7\u00ebshtje e brendshme e Kosov\u00ebs.<\/p>\n<p>Sipas tij, kryeministri Albin Kurti \u00ebsht\u00eb i gatsh\u00ebm t\u00eb b\u00ebj\u00eb nj\u00eb draft t\u00eb asociacionit, n\u00eb bashk\u00ebpunim me ministrat relevant\u00eb.<\/p>\n<p>\u201cKjo erdhi si ndryshim i qasjes nga emisari Laj\u00e7ak. Ta kemi parasysh se Kurti reagoi pas nj\u00eb interviste t\u00eb Laj\u00e7ak, ku tha se kjo \u00ebsht\u00eb \u00e7\u00ebshtje e brendshme e Kosov\u00ebs. Kjo e ndryshoi kontekstin dhe rrethanat plot\u00ebsisht, pasi deri n\u00eb at\u00eb pik\u00eb ka qen\u00eb \u00e7\u00ebshtje e dialogut dhe \u00ebsht\u00eb shprehur gatishm\u00ebria q\u00eb kjo t\u00eb b\u00ebhet, derisa tash kan\u00eb ndryshuar rrethanat dhe t\u00eb b\u00ebhet brenda Kosov\u00ebs me ministrat relevant\u00eb. Por gjithmon\u00eb n\u00eb kontekstin q\u00eb dihet se siguria \u00ebsht\u00eb prioriteti kryesor sot\u201d, thot\u00eb Ahmeti.<\/p>\n<p>Nd\u00ebrkaq, paralajm\u00ebron se grupet terroriste serbe po vazhdojn\u00eb p\u00ebrgatitjet p\u00ebr sulme t\u00eb tjera eventuale ndaj Kosov\u00ebs.<\/p>\n<p>\u201cKy sulm ka qen\u00eb akti m\u00eb i qart\u00eb i asaj q\u00eb e kemi treguar tash e sa koh\u00eb p\u00ebr qasjen e Serbis\u00eb, jo vet\u00ebm ndaj Kosov\u00ebs, por edhe rajonit. Ka qen\u00eb pa asnj\u00eb dilem\u00eb se kush q\u00ebndron prapa atij sulmi edhe p\u00ebr shkak t\u00eb fakteve q\u00eb jan\u00eb b\u00ebr\u00eb publike nga institucioneve t\u00eb siguris\u00eb s\u00eb Kosov\u00ebs, por edhe p\u00ebr shkak t\u00eb shp\u00ebrndarjes dhe argumentimit q\u00eb \u00ebsht\u00eb b\u00ebr\u00eb nga sh\u00ebrbimi jon\u00eb diplomatik dhe krer\u00ebt e shtetit te vendet t\u00eb tjera\u2026 Atje po vazhdojn\u00eb p\u00ebrgatitjet e grupeve terroriste p\u00ebr sulme t\u00eb tjera eventuale n\u00eb t\u00eb ardhmen e af\u00ebrt\u201d, p\u00ebrfundon Ahmeti.\/KK<\/p>\n","protected":false},"excerpt":{"rendered":"<p>PRISHTIN\u00cb &#8211; Z\u00ebvend\u00ebsministri i Jasht\u00ebm dhe Diaspor\u00ebs, Kreshnik Ahmeti, thot\u00eb se Kosova ka sh\u00ebnuar sukses n\u00eb diplomacin\u00eb e jashtme gjat\u00eb vitit 2023. Sipas tij, angazhimi \u00ebsht\u00eb i p\u00ebrditsh\u00ebm p\u00ebr t\u00eb siguruar njohje t\u00eb reja dhe p\u00ebr an\u00ebtar\u00ebsim n\u00eb organizata nd\u00ebrkomb\u00ebtare, t\u00eb cilat do t\u00eb fuqizonin subjektivitetin nd\u00ebrkomb\u00ebtar t\u00eb Kosov\u00ebs. Ai p\u00ebrmend Greqin\u00eb si mund\u00ebsi q\u00eb [&hellip;]<\/p>\n","protected":false},"author":1,"featured_media":82998,"comment_status":"open","ping_status":"open","sticky":false,"template":"","format":"standard","meta":{"footnotes":""},"categories":[14],"tags":[1599,287,6499],"class_list":["post-82997","post","type-post","status-publish","format-standard","has-post-thumbnail","hentry","category-kombetare","tag-greqia","tag-kosova","tag-kreshnik-ahmeti"],"_links":{"self":[{"href":"https:\/\/prizrenpost.com\/al\/wp-json\/wp\/v2\/posts\/82997","targetHints":{"allow":["GET"]}}],"collection":[{"href":"https:\/\/prizrenpost.com\/al\/wp-json\/wp\/v2\/posts"}],"about":[{"href":"https:\/\/prizrenpost.com\/al\/wp-json\/wp\/v2\/types\/post"}],"author":[{"embeddable":true,"href":"https:\/\/prizrenpost.com\/al\/wp-json\/wp\/v2\/users\/1"}],"replies":[{"embeddable":true,"href":"https:\/\/prizrenpost.com\/al\/wp-json\/wp\/v2\/comments?post=82997"}],"version-history":[{"count":1,"href":"https:\/\/prizrenpost.com\/al\/wp-json\/wp\/v2\/posts\/82997\/revisions"}],"predecessor-version":[{"id":82999,"href":"https:\/\/prizrenpost.com\/al\/wp-json\/wp\/v2\/posts\/82997\/revisions\/82999"}],"wp:featuredmedia":[{"embeddable":true,"href":"https:\/\/prizrenpost.com\/al\/wp-json\/wp\/v2\/media\/82998"}],"wp:attachment":[{"href":"https:\/\/prizrenpost.com\/al\/wp-json\/wp\/v2\/media?parent=82997"}],"wp:term":[{"taxonomy":"category","embeddable":true,"href":"https:\/\/prizrenpost.com\/al\/wp-json\/wp\/v2\/categories?post=82997"},{"taxonomy":"post_tag","embeddable":true,"href":"https:\/\/prizrenpost.com\/al\/wp-json\/wp\/v2\/tags?post=82997"}],"curies":[{"name":"wp","href":"https:\/\/api.w.org\/{rel}","templated":true}]}}