{"id":83013,"date":"2024-01-15T16:13:13","date_gmt":"2024-01-15T15:13:13","guid":{"rendered":"https:\/\/prizrenpost.com\/al\/?p=83013"},"modified":"2024-01-15T16:13:13","modified_gmt":"2024-01-15T15:13:13","slug":"populli-dhe-republika-e-kosoves-nuk-i-falin-krimet-e-kryera-nga-serbia-gjate-luftes-as-ne-recak-dhe-askund-tjeter","status":"publish","type":"post","link":"https:\/\/prizrenpost.com\/al\/populli-dhe-republika-e-kosoves-nuk-i-falin-krimet-e-kryera-nga-serbia-gjate-luftes-as-ne-recak-dhe-askund-tjeter\/","title":{"rendered":"Populli dhe Republika e Kosov\u00ebs nuk i falin krimet e kryera nga Serbia gjat\u00eb luft\u00ebs, as n\u00eb Re\u00e7ak dhe askund tjet\u00ebr"},"content":{"rendered":"<p><img decoding=\"async\" src=\"https:\/\/prizrenpost.com\/al\/wp-content\/uploads\/2024\/01\/recak.jpeg\" alt=\"\" width=\"100%\" height=\"\" class=\"alignnone size-full wp-image-83014\" srcset=\"https:\/\/prizrenpost.com\/al\/wp-content\/uploads\/2024\/01\/recak.jpeg 2048w, https:\/\/prizrenpost.com\/al\/wp-content\/uploads\/2024\/01\/recak-300x200.jpeg 300w, https:\/\/prizrenpost.com\/al\/wp-content\/uploads\/2024\/01\/recak-1024x683.jpeg 1024w, https:\/\/prizrenpost.com\/al\/wp-content\/uploads\/2024\/01\/recak-768x512.jpeg 768w, https:\/\/prizrenpost.com\/al\/wp-content\/uploads\/2024\/01\/recak-1536x1024.jpeg 1536w\" sizes=\"(max-width: 2048px) 100vw, 2048px\" \/><\/p>\n<p><strong>Re\u00e7ak, SHTIME &#8211; Pas homazheve n\u00eb Kompleksin Memorial n\u00eb Re\u00e7ak n\u00eb kuad\u00ebr t\u00eb sh\u00ebnimit t\u00eb 25-vjeorit t\u00eb Masakr\u00ebs s\u00eb Re\u00e7akut, n\u00eb Sht\u00ebpin\u00eb e Kultur\u00ebs n\u00eb Shtime u mbajt edhe ceremonia p\u00ebrkujtimore ku mor\u00ebn pjes\u00eb tre krer\u00ebt e shtetit, ambasadori William Walker, Kryetari i Komun\u00ebs s\u00eb Shtimes, Qemajl Aliu e shum\u00eb p\u00ebrfaq\u00ebsues t\u00eb tjer\u00eb diplomatik\u00eb e t\u00eb institucioneve vendore.<\/strong><\/p>\n<p>\u201cN\u00eb kronologjin\u00eb e historis\u00eb s\u00eb masakrave t\u00eb kryera nga Serbia me forcat e saj ushtarake, policore dhe paraushtarake mbi shqiptar\u00ebt n\u00eb vendin ton\u00eb, masakra e Re\u00e7akut \u00ebsht\u00eb m\u00eb e hershmja n\u00eb kalendarin e vitit 1999. At\u00eb vit, n\u00eb nj\u00eb dat\u00eb sikur e sotmja, pra m\u00eb 15 janar, k\u00ebtu n\u00eb fshatin Re\u00e7ak t\u00eb Shtimes, forcat policore t\u00eb Serbis\u00eb i vran\u00eb 45 civil\u00eb shqiptar\u00eb, mes t\u00eb cil\u00ebve m\u00eb i riu ishte Halim Beqiri 14-vje\u00e7ar, kurse m\u00eb i moshuari Avdyl Sejdiu 99-vje\u00e7ar. Moshat e tyre si mosha kufitare mes t\u00eb vrar\u00ebve t\u00eb k\u00ebsaj masakre, tregojn\u00eb p\u00ebr viktimat dhe natyr\u00ebn e k\u00ebtij krimi t\u00eb kryer gjat\u00eb luft\u00ebs\u201d tha n\u00eb fillim t\u00eb fjal\u00ebs s\u00eb tij kryeministri Kurti n\u00eb ceremonin\u00eb p\u00ebrkujtimore.<\/p>\n<p>Ndon\u00ebse 25 vite m\u00eb par\u00eb Serbia e aktivizoi t\u00ebr\u00eb aparatin e saj shtet\u00ebror p\u00ebr ta mjegulluar dhe mohuar masakr\u00ebn e Re\u00e7akut, p\u00ebr ta fshehur krimin dhe p\u00ebr t\u2019i mbrojtur kryer\u00ebsit dhe urdh\u00ebrdh\u00ebn\u00ebsit, kjo masak\u00ebr ka patur e ka l\u00ebn\u00eb pas d\u00ebshmi dhe d\u00ebshmitar\u00eb, q\u00eb d\u00ebshmojn\u00eb gjith\u00eb t\u00eb v\u00ebrtet\u00ebn nga fillimi deri n\u00eb fund: nga e sht\u00ebna e par\u00eb deri te p\u00ebrpjekja p\u00ebr fshehjen dhe justifikimin e krimit, nga trupi i Banush Kamerit me kok\u00ebn e prer\u00eb dhe deri te kufomat e masakruara e t\u00eb gjymtuara n\u00eb Kodr\u00ebn e Bebushit.<\/p>\n<p>N\u00eb radh\u00eb t\u00eb d\u00ebshmitar\u00ebve ai p\u00ebrmendi banor\u00ebt e mbijetuar t\u00eb Re\u00e7akut dhe fshatrave t\u00eb tjera t\u00eb Shtimes, ushtar\u00ebt e U\u00c7K-s\u00eb t\u00eb Zon\u00ebs Operative t\u00eb Nerodimes, Misionin Verifikues n\u00eb Kosov\u00eb t\u00eb OSBE-s\u00eb dhe Kryesuesin e k\u00ebtij misioni William Walker q\u00eb e cil\u00ebsoi k\u00ebt\u00eb masak\u00ebr \u201ckrim kund\u00ebr njer\u00ebzimit\u201d, gazetar\u00eb dhe fotoreporter\u00eb vendor\u00eb e nd\u00ebrkomb\u00ebtar\u00eb, ekipin finlandez t\u00eb forensik\u00ebs q\u00eb u b\u00ebn\u00eb autopsit\u00eb e 45 kufomave, doktorin Vezir Bajrami i cili ishte mjek n\u00eb luft\u00eb e ushtarin e U\u00c7K-s\u00eb, Arlind Guraziu, q\u00eb jetoi i traumatizuar nga pamjet e kufomave derisa vdiq m\u00eb 2014.<\/p>\n<p>Ai tha se populli i Kosov\u00ebs dhe Republika e Kosov\u00ebs nuk i falin krimet e kryera nga Serbia gjat\u00eb luft\u00ebs, as n\u00eb Re\u00e7ak, dhe askund tjet\u00ebr. Duke rikujtuar se nj\u00eb vit m\u00eb par\u00eb, Prokuroria Speciale e Kosov\u00ebs pati l\u00ebshuar flet\u00ebarreste nd\u00ebrkomb\u00ebtare p\u00ebr 18 t\u00eb dyshuar serb\u00eb, q\u00eb dyshohen p\u00ebr pjes\u00ebmarrje n\u00eb kryerjen e Masakr\u00ebs s\u00eb Re\u00e7akut, ai theksoi se k\u00ebto krime nuk vjetrohen asnj\u00ebher\u00eb, si\u00e7 nuk mund t\u00eb fshihen nga historia e shtetit t\u00eb Serbis\u00eb q\u00eb i kreu k\u00ebto krime dhe nga historia e Kosov\u00ebs dhe e popullit t\u00eb saj q\u00eb i p\u00ebrjetoi me aq shum\u00eb dhimbje dhe i trash\u00ebgoi me kaq shum\u00eb humbje e vuajtje.<\/p>\n<p>S\u00eb fundmi m\u00eb 12 janar 2024, kryeministri theksoi se Qeveria e Kosov\u00ebs ka marr\u00eb vendim p\u00ebr themelimin e Grupit Punues p\u00ebr Hartimin e Detyr\u00ebs Projektuese t\u00eb Projektit p\u00ebr Kompleksin Memorial \u201cMasakra e Re\u00e7akut\u201d n\u00eb Re\u00e7ak t\u00eb Shtimes, p\u00ebr ta p\u00ebrforcuar dhe monumentalizuar kujtes\u00ebn dhe trash\u00ebgimin\u00eb p\u00ebr masakr\u00ebn e Re\u00e7akut. An\u00ebtar\u00ebt e k\u00ebtij grupi punues nga pozita t\u00eb ndryshme institucionale, do ta ken\u00eb p\u00ebr detyr\u00eb t\u00eb hartojn\u00eb nj\u00eb detyr\u00eb projektuese p\u00ebr projektin p\u00ebr Kompleksin Memorial \u201cMasakra e Re\u00e7akut\u201d, ashtu q\u00eb n\u00eb Re\u00e7ak t\u00eb ket\u00eb nj\u00eb kompleks t\u00eb dinjitetsh\u00ebm p\u00ebr kujtimin e Masakr\u00ebs,<\/p>\n<p>\u201cI p\u00ebrjetsh\u00ebm n\u00eb koh\u00eb t\u00eb koh\u00ebve qoft\u00eb kujtimi p\u00ebr t\u00eb vrar\u00ebt n\u00eb Masakr\u00ebn e Re\u00e7akut!\u201d, p\u00ebrfundoi fjal\u00ebn e tij kryeministri Kurti n\u00eb ceremonin\u00eb p\u00ebrkujtimore n\u00eb 25-vjetorin e Masakr\u00ebs s\u00eb Re\u00e7akut.<\/p>\n","protected":false},"excerpt":{"rendered":"<p>Re\u00e7ak, SHTIME &#8211; Pas homazheve n\u00eb Kompleksin Memorial n\u00eb Re\u00e7ak n\u00eb kuad\u00ebr t\u00eb sh\u00ebnimit t\u00eb 25-vjeorit t\u00eb Masakr\u00ebs s\u00eb Re\u00e7akut, n\u00eb Sht\u00ebpin\u00eb e Kultur\u00ebs n\u00eb Shtime u mbajt edhe ceremonia p\u00ebrkujtimore ku mor\u00ebn pjes\u00eb tre krer\u00ebt e shtetit, ambasadori William Walker, Kryetari i Komun\u00ebs s\u00eb Shtimes, Qemajl Aliu e shum\u00eb p\u00ebrfaq\u00ebsues t\u00eb tjer\u00eb diplomatik\u00eb e [&hellip;]<\/p>\n","protected":false},"author":1,"featured_media":83014,"comment_status":"open","ping_status":"open","sticky":false,"template":"","format":"standard","meta":{"footnotes":""},"categories":[14],"tags":[3346,3803,48,1168,1290,1291],"class_list":["post-83013","post","type-post","status-publish","format-standard","has-post-thumbnail","hentry","category-kombetare","tag-25-vjetori","tag-aktuale","tag-kosove","tag-krimet-serbe","tag-masakra-e-recakut","tag-recak"],"_links":{"self":[{"href":"https:\/\/prizrenpost.com\/al\/wp-json\/wp\/v2\/posts\/83013","targetHints":{"allow":["GET"]}}],"collection":[{"href":"https:\/\/prizrenpost.com\/al\/wp-json\/wp\/v2\/posts"}],"about":[{"href":"https:\/\/prizrenpost.com\/al\/wp-json\/wp\/v2\/types\/post"}],"author":[{"embeddable":true,"href":"https:\/\/prizrenpost.com\/al\/wp-json\/wp\/v2\/users\/1"}],"replies":[{"embeddable":true,"href":"https:\/\/prizrenpost.com\/al\/wp-json\/wp\/v2\/comments?post=83013"}],"version-history":[{"count":1,"href":"https:\/\/prizrenpost.com\/al\/wp-json\/wp\/v2\/posts\/83013\/revisions"}],"predecessor-version":[{"id":83015,"href":"https:\/\/prizrenpost.com\/al\/wp-json\/wp\/v2\/posts\/83013\/revisions\/83015"}],"wp:featuredmedia":[{"embeddable":true,"href":"https:\/\/prizrenpost.com\/al\/wp-json\/wp\/v2\/media\/83014"}],"wp:attachment":[{"href":"https:\/\/prizrenpost.com\/al\/wp-json\/wp\/v2\/media?parent=83013"}],"wp:term":[{"taxonomy":"category","embeddable":true,"href":"https:\/\/prizrenpost.com\/al\/wp-json\/wp\/v2\/categories?post=83013"},{"taxonomy":"post_tag","embeddable":true,"href":"https:\/\/prizrenpost.com\/al\/wp-json\/wp\/v2\/tags?post=83013"}],"curies":[{"name":"wp","href":"https:\/\/api.w.org\/{rel}","templated":true}]}}