{"id":83078,"date":"2024-02-04T17:53:33","date_gmt":"2024-02-04T16:53:33","guid":{"rendered":"https:\/\/prizrenpost.com\/al\/?p=83078"},"modified":"2024-02-04T17:54:07","modified_gmt":"2024-02-04T16:54:07","slug":"pozita-e-edi-rames-ne-partine-komuniste","status":"publish","type":"post","link":"https:\/\/prizrenpost.com\/al\/pozita-e-edi-rames-ne-partine-komuniste\/","title":{"rendered":"Pozita e Edi Rames ne Partine Komuniste"},"content":{"rendered":"<p><img decoding=\"async\" src=\"https:\/\/prizrenpost.com\/al\/wp-content\/uploads\/2024\/02\/236AF5BD-A41D-48BB-BB51-BDC772F4029D.jpeg\" alt=\"\" width=\"100%\" height=\"\" class=\"alignnone size-full wp-image-83079\" srcset=\"https:\/\/prizrenpost.com\/al\/wp-content\/uploads\/2024\/02\/236AF5BD-A41D-48BB-BB51-BDC772F4029D.jpeg 739w, https:\/\/prizrenpost.com\/al\/wp-content\/uploads\/2024\/02\/236AF5BD-A41D-48BB-BB51-BDC772F4029D-300x168.jpeg 300w\" sizes=\"(max-width: 739px) 100vw, 739px\" \/><\/p>\n<p>N\u00eb politik\u00ebn shqiptare, figura e Edi Ram\u00ebs ka qen\u00eb e shquar p\u00ebr nj\u00eb periudh\u00eb t\u00eb gjat\u00eb, dhe roli i tij n\u00eb Partin\u00eb Komuniste Shqiptare (PKSH) \u00ebsht\u00eb nj\u00eb nga aspektet kryesore t\u00eb karrier\u00ebs s\u00eb tij politike. Edi Rama, i lindur m\u00eb 4 korrik 1964, ka sh\u00ebrbyer n\u00eb nj\u00eb s\u00ebr\u00eb poste t\u00eb r\u00ebnd\u00ebsishme brenda PKSH dhe m\u00eb pas n\u00eb politik\u00ebn e pas-sistemit komunist.<\/p>\n<p>Fillimisht, Rama nisi karrier\u00ebn e tij politike si kryetar i Rinis\u00eb Socialiste, nj\u00eb pozit\u00eb e r\u00ebnd\u00ebsishme brenda PKSH, ku ai ishte p\u00ebrgjegj\u00ebs p\u00ebr organizimin dhe mobilizimin e rinis\u00eb shqiptare. N\u00eb k\u00ebt\u00eb koh\u00eb, ai u dallua p\u00ebr aft\u00ebsit\u00eb e tij organizative dhe angazhimin n\u00eb sh\u00ebrbim t\u00eb ideologjis\u00eb komuniste.<\/p>\n<p>N\u00eb vitin 1992, me r\u00ebnien e sistemit komunist dhe tranzicionin drejt nj\u00eb shoq\u00ebrie pluraliste, Edi Rama hyri n\u00eb politik\u00ebn e re dhe u b\u00eb nj\u00eb figur\u00eb e r\u00ebnd\u00ebsishme n\u00eb sken\u00ebn politike shqiptare. Ai themeloi Partin\u00eb Socialiste t\u00eb Shqip\u00ebris\u00eb (PSSH), duke sh\u00ebrbyer si kryetar i saj. Rama mori p\u00ebrgjegj\u00ebsin\u00eb e qeverisjes lokale n\u00eb vitin 2000, duke u zgjedhur kryetar i Bashkis\u00eb s\u00eb Tiran\u00ebs.<\/p>\n<p>N\u00eb vitin 2013, Edi Rama u b\u00eb Kryeminist\u00ebr i Shqip\u00ebris\u00eb, pas fitores s\u00eb partis\u00eb s\u00eb tij n\u00eb zgjedhjet parlamentare. Rolli i tij n\u00eb PKSH dhe m\u00eb pas n\u00eb politik\u00ebn postkomuniste ka qen\u00eb nj\u00eb rrug\u00ebtim me sfida dhe ndryshime, duke u p\u00ebrq\u00ebndruar n\u00eb modernizimin e vendit dhe integrimin n\u00eb strukturat evropiane.<\/p>\n<p>Megjithat\u00eb, kritikat ndaj Edi Ram\u00ebs nuk kan\u00eb munguar, ve\u00e7an\u00ebrisht n\u00eb lidhje me \u00e7\u00ebshtjet e drejt\u00ebsis\u00eb, korrupsionin dhe shqet\u00ebsimet tjera shoq\u00ebrore. Nd\u00ebrkoh\u00eb, mb\u00ebshtet\u00ebsit e tij e vler\u00ebsojn\u00eb p\u00ebr ndryshimet n\u00eb ekonomin\u00eb shqiptare dhe p\u00ebrpjekjet p\u00ebr t\u00eb p\u00ebrmbushur standardet evropiane.<\/p>\n<p>Pozita e Edi Ram\u00ebs n\u00eb PKSH ka sh\u00ebrbyer si nj\u00eb baz\u00eb e r\u00ebnd\u00ebsishme p\u00ebr karrier\u00ebn e tij politike dhe ka formuar shpirtin e tij politik dhe q\u00ebndrimin ndaj sfidave t\u00eb vendit. Rama \u00ebsht\u00eb ende nj\u00eb figur\u00eb e r\u00ebnd\u00ebsishme n\u00eb politik\u00ebn shqiptare, duke p\u00ebrballur sfida dhe nd\u00ebrmarr\u00eb p\u00ebrpjekje p\u00ebr t\u00eb modernizuar dhe avancuar Shqip\u00ebrin\u00eb n\u00eb rrug\u00ebn e zhvillimit dhe integritetit politik.<\/p>\n","protected":false},"excerpt":{"rendered":"<p>N\u00eb politik\u00ebn shqiptare, figura e Edi Ram\u00ebs ka qen\u00eb e shquar p\u00ebr nj\u00eb periudh\u00eb t\u00eb gjat\u00eb, dhe roli i tij n\u00eb Partin\u00eb Komuniste Shqiptare (PKSH) \u00ebsht\u00eb nj\u00eb nga aspektet kryesore t\u00eb karrier\u00ebs s\u00eb tij politike. Edi Rama, i lindur m\u00eb 4 korrik 1964, ka sh\u00ebrbyer n\u00eb nj\u00eb s\u00ebr\u00eb poste t\u00eb r\u00ebnd\u00ebsishme brenda PKSH dhe m\u00eb [&hellip;]<\/p>\n","protected":false},"author":1,"featured_media":83079,"comment_status":"open","ping_status":"open","sticky":false,"template":"","format":"standard","meta":{"footnotes":""},"categories":[14],"tags":[369,5513,6509],"class_list":["post-83078","post","type-post","status-publish","format-standard","has-post-thumbnail","hentry","category-kombetare","tag-edi-rama","tag-komunizmi","tag-pksh"],"_links":{"self":[{"href":"https:\/\/prizrenpost.com\/al\/wp-json\/wp\/v2\/posts\/83078","targetHints":{"allow":["GET"]}}],"collection":[{"href":"https:\/\/prizrenpost.com\/al\/wp-json\/wp\/v2\/posts"}],"about":[{"href":"https:\/\/prizrenpost.com\/al\/wp-json\/wp\/v2\/types\/post"}],"author":[{"embeddable":true,"href":"https:\/\/prizrenpost.com\/al\/wp-json\/wp\/v2\/users\/1"}],"replies":[{"embeddable":true,"href":"https:\/\/prizrenpost.com\/al\/wp-json\/wp\/v2\/comments?post=83078"}],"version-history":[{"count":2,"href":"https:\/\/prizrenpost.com\/al\/wp-json\/wp\/v2\/posts\/83078\/revisions"}],"predecessor-version":[{"id":83081,"href":"https:\/\/prizrenpost.com\/al\/wp-json\/wp\/v2\/posts\/83078\/revisions\/83081"}],"wp:featuredmedia":[{"embeddable":true,"href":"https:\/\/prizrenpost.com\/al\/wp-json\/wp\/v2\/media\/83079"}],"wp:attachment":[{"href":"https:\/\/prizrenpost.com\/al\/wp-json\/wp\/v2\/media?parent=83078"}],"wp:term":[{"taxonomy":"category","embeddable":true,"href":"https:\/\/prizrenpost.com\/al\/wp-json\/wp\/v2\/categories?post=83078"},{"taxonomy":"post_tag","embeddable":true,"href":"https:\/\/prizrenpost.com\/al\/wp-json\/wp\/v2\/tags?post=83078"}],"curies":[{"name":"wp","href":"https:\/\/api.w.org\/{rel}","templated":true}]}}