{"id":83105,"date":"2024-03-18T15:47:09","date_gmt":"2024-03-18T14:47:09","guid":{"rendered":"https:\/\/prizrenpost.com\/al\/?p=83105"},"modified":"2024-03-18T15:47:09","modified_gmt":"2024-03-18T14:47:09","slug":"pamje-nga-inaugurimi-i-punimeve-te-fazes-se-pare-ne-hamamin-e-gazi-mehmed-pashes","status":"publish","type":"post","link":"https:\/\/prizrenpost.com\/al\/pamje-nga-inaugurimi-i-punimeve-te-fazes-se-pare-ne-hamamin-e-gazi-mehmed-pashes\/","title":{"rendered":"Pamje nga inaugurimi i punimeve t\u00eb faz\u00ebs s\u00eb par\u00eb n\u00eb Hamamin e Gazi Mehmed Pash\u00ebs"},"content":{"rendered":"<p><img decoding=\"async\" src=\"https:\/\/prizrenpost.com\/al\/wp-content\/uploads\/2024\/03\/hamami1.jpeg\" alt=\"\" width=\"100%\" height=\"\" class=\"alignnone size-full wp-image-83106\" srcset=\"https:\/\/prizrenpost.com\/al\/wp-content\/uploads\/2024\/03\/hamami1.jpeg 2048w, https:\/\/prizrenpost.com\/al\/wp-content\/uploads\/2024\/03\/hamami1-300x200.jpeg 300w, https:\/\/prizrenpost.com\/al\/wp-content\/uploads\/2024\/03\/hamami1-1024x684.jpeg 1024w, https:\/\/prizrenpost.com\/al\/wp-content\/uploads\/2024\/03\/hamami1-768x513.jpeg 768w, https:\/\/prizrenpost.com\/al\/wp-content\/uploads\/2024\/03\/hamami1-1536x1026.jpeg 1536w\" sizes=\"(max-width: 2048px) 100vw, 2048px\" \/><\/p>\n<p><strong>PRIZREN &#8211; T\u00eb shtun\u00ebn n\u00eb Prizren u b\u00eb inaugurimi i punimeve t\u00eb faz\u00ebs s\u00eb par\u00eb n\u00eb Hamamin e Gazi Mehmed Pash\u00ebs.<br \/>\nHamami u hap p\u00ebr komunitetin n\u00eb nj\u00eb aktivitet q\u00eb b\u00ebri bashk\u00eb qytetar\u00eb t\u00eb shumt\u00eb, p\u00ebrfaq\u00ebsues t\u00eb institucioneve, organizatave e shoq\u00ebris\u00eb civile. <\/strong><\/p>\n<p>Minitri \u00c7eku n\u00eb fjal\u00ebn e tij foli p\u00ebr r\u00ebnd\u00ebsin\u00eb e investimeve n\u00eb trash\u00ebgimi kulturore q\u00eb po b\u00ebhen nga Ministria e Kultur\u00ebs, gjithashtu p\u00ebr profesionalizmin e punimeve t\u00eb deritanishme n\u00eb Hamamin e Gazi Mehmed Pash\u00ebs.<\/p>\n<p>Fjal\u00ebn e mori po ashtu drejtori i QRTK-s\u00eb n\u00eb Prizren, Samir Hoxha q\u00eb njoftoi t\u00eb pranishmit p\u00ebr faz\u00ebn e fundit t\u00eb punimeve n\u00eb Hamam dhe pun\u00ebt e b\u00ebra deri tani.<\/p>\n<p><img decoding=\"async\" src=\"https:\/\/prizrenpost.com\/al\/wp-content\/uploads\/2024\/03\/hamami2.jpeg\" alt=\"\" width=\"100%\" height=\"\" class=\"alignnone size-full wp-image-83107\" srcset=\"https:\/\/prizrenpost.com\/al\/wp-content\/uploads\/2024\/03\/hamami2.jpeg 2048w, https:\/\/prizrenpost.com\/al\/wp-content\/uploads\/2024\/03\/hamami2-300x200.jpeg 300w, https:\/\/prizrenpost.com\/al\/wp-content\/uploads\/2024\/03\/hamami2-1024x684.jpeg 1024w, https:\/\/prizrenpost.com\/al\/wp-content\/uploads\/2024\/03\/hamami2-768x513.jpeg 768w, https:\/\/prizrenpost.com\/al\/wp-content\/uploads\/2024\/03\/hamami2-1536x1026.jpeg 1536w\" sizes=\"(max-width: 2048px) 100vw, 2048px\" \/><\/p>\n<p><img decoding=\"async\" src=\"https:\/\/prizrenpost.com\/al\/wp-content\/uploads\/2024\/03\/hamami3.jpeg\" alt=\"\" width=\"100%\" height=\"\" class=\"alignnone size-full wp-image-83108\" srcset=\"https:\/\/prizrenpost.com\/al\/wp-content\/uploads\/2024\/03\/hamami3.jpeg 2048w, https:\/\/prizrenpost.com\/al\/wp-content\/uploads\/2024\/03\/hamami3-300x200.jpeg 300w, https:\/\/prizrenpost.com\/al\/wp-content\/uploads\/2024\/03\/hamami3-1024x684.jpeg 1024w, https:\/\/prizrenpost.com\/al\/wp-content\/uploads\/2024\/03\/hamami3-768x513.jpeg 768w, https:\/\/prizrenpost.com\/al\/wp-content\/uploads\/2024\/03\/hamami3-1536x1026.jpeg 1536w\" sizes=\"(max-width: 2048px) 100vw, 2048px\" \/><\/p>\n","protected":false},"excerpt":{"rendered":"<p>PRIZREN &#8211; T\u00eb shtun\u00ebn n\u00eb Prizren u b\u00eb inaugurimi i punimeve t\u00eb faz\u00ebs s\u00eb par\u00eb n\u00eb Hamamin e Gazi Mehmed Pash\u00ebs. Hamami u hap p\u00ebr komunitetin n\u00eb nj\u00eb aktivitet q\u00eb b\u00ebri bashk\u00eb qytetar\u00eb t\u00eb shumt\u00eb, p\u00ebrfaq\u00ebsues t\u00eb institucioneve, organizatave e shoq\u00ebris\u00eb civile. Minitri \u00c7eku n\u00eb fjal\u00ebn e tij foli p\u00ebr r\u00ebnd\u00ebsin\u00eb e investimeve n\u00eb trash\u00ebgimi [&hellip;]<\/p>\n","protected":false},"author":1,"featured_media":83106,"comment_status":"open","ping_status":"open","sticky":false,"template":"","format":"standard","meta":{"footnotes":""},"categories":[4,22],"tags":[2333,2502,41],"class_list":["post-83105","post","type-post","status-publish","format-standard","has-post-thumbnail","hentry","category-kulture","category-prizren","tag-hamami","tag-hamami-i-prizrenit","tag-prizren"],"_links":{"self":[{"href":"https:\/\/prizrenpost.com\/al\/wp-json\/wp\/v2\/posts\/83105","targetHints":{"allow":["GET"]}}],"collection":[{"href":"https:\/\/prizrenpost.com\/al\/wp-json\/wp\/v2\/posts"}],"about":[{"href":"https:\/\/prizrenpost.com\/al\/wp-json\/wp\/v2\/types\/post"}],"author":[{"embeddable":true,"href":"https:\/\/prizrenpost.com\/al\/wp-json\/wp\/v2\/users\/1"}],"replies":[{"embeddable":true,"href":"https:\/\/prizrenpost.com\/al\/wp-json\/wp\/v2\/comments?post=83105"}],"version-history":[{"count":2,"href":"https:\/\/prizrenpost.com\/al\/wp-json\/wp\/v2\/posts\/83105\/revisions"}],"predecessor-version":[{"id":83110,"href":"https:\/\/prizrenpost.com\/al\/wp-json\/wp\/v2\/posts\/83105\/revisions\/83110"}],"wp:featuredmedia":[{"embeddable":true,"href":"https:\/\/prizrenpost.com\/al\/wp-json\/wp\/v2\/media\/83106"}],"wp:attachment":[{"href":"https:\/\/prizrenpost.com\/al\/wp-json\/wp\/v2\/media?parent=83105"}],"wp:term":[{"taxonomy":"category","embeddable":true,"href":"https:\/\/prizrenpost.com\/al\/wp-json\/wp\/v2\/categories?post=83105"},{"taxonomy":"post_tag","embeddable":true,"href":"https:\/\/prizrenpost.com\/al\/wp-json\/wp\/v2\/tags?post=83105"}],"curies":[{"name":"wp","href":"https:\/\/api.w.org\/{rel}","templated":true}]}}