{"id":83135,"date":"2024-04-20T12:42:50","date_gmt":"2024-04-20T10:42:50","guid":{"rendered":"https:\/\/prizrenpost.com\/al\/?p=83135"},"modified":"2024-04-20T12:42:50","modified_gmt":"2024-04-20T10:42:50","slug":"obrien-shpresojme-se-do-te-behet-gjithcka-qe-te-themelohet-asociacioni","status":"publish","type":"post","link":"https:\/\/prizrenpost.com\/al\/obrien-shpresojme-se-do-te-behet-gjithcka-qe-te-themelohet-asociacioni\/","title":{"rendered":"O\u2019Brien: Shpresojm\u00eb se do t\u00eb b\u00ebhet gjith\u00e7ka q\u00eb t\u00eb themelohet Asociacioni"},"content":{"rendered":"<p><img decoding=\"async\" src=\"https:\/\/prizrenpost.com\/al\/wp-content\/uploads\/2024\/04\/obrien-vucic.jpeg\" alt=\"\" width=\"100%\" height=\"\" class=\"alignnone size-full wp-image-83136\" srcset=\"https:\/\/prizrenpost.com\/al\/wp-content\/uploads\/2024\/04\/obrien-vucic.jpeg 1023w, https:\/\/prizrenpost.com\/al\/wp-content\/uploads\/2024\/04\/obrien-vucic-300x169.jpeg 300w, https:\/\/prizrenpost.com\/al\/wp-content\/uploads\/2024\/04\/obrien-vucic-768x432.jpeg 768w\" sizes=\"(max-width: 1023px) 100vw, 1023px\" \/><\/p>\n<p><strong>BEOGRAD &#8211; Ndihm\u00ebssekretari amerikan i Shtetit p\u00ebr Evrop\u00ebn dhe Euroazin\u00eb, James O&#8217;Brien, tha se Kosova ka premtuar se do t\u00eb themeloj\u00eb Asociacionin e komunave me shumic\u00eb serbe dhe Uashingtoni pret q\u00eb ky zotim t\u00eb realizohet.<\/strong><\/p>\n<p>O&#8217;Brien tha se rikujtoi se themelimi i Asociacionit \u00ebsht\u00eb &#8220;i r\u00ebnd\u00ebsish\u00ebm p\u00ebr serb\u00ebt n\u00eb Kosov\u00eb n\u00eb m\u00ebnyr\u00eb q\u00eb ata t\u00eb kuptojn\u00eb se si do t\u00eb duket jeta e tyre&#8221;.<\/p>\n<p>\u201cN\u00ebse ka shqet\u00ebsim se komuniteti nd\u00ebrkomb\u00ebtar nuk po p\u00ebrmbush obligimin p\u00ebr t\u00eb ndihmuar n\u00eb k\u00ebt\u00eb \u00e7\u00ebshtje, un\u00eb shpresoj q\u00eb ne do t\u00eb b\u00ebjm\u00eb gjith\u00e7ka q\u00eb kemi n\u00eb dor\u00ebn ton\u00eb p\u00ebr t\u00eb ndihmuar n\u00eb p\u00ebrmbushjen e premtimit ndaj vetes dhe t\u00eb tjer\u00ebve\u201d, tha zyrtari i lart\u00eb amerikan gjat\u00eb nj\u00eb konference p\u00ebr media n\u00eb Beograd m\u00eb 20 prill, pas takimit q\u00eb zhvilloi me presidentin e Serbis\u00eb, Aleksandar Vu\u00e7iq.<\/p>\n<p>N\u00eb kuad\u00ebr t\u00eb dialogut p\u00ebr normalizimin e raporteve, q\u00eb nd\u00ebrmjet\u00ebsohet nga Bashkimi Evropian, Kosova dhe Serbia kan\u00eb arritur marr\u00ebveshje m\u00eb 2013 dhe m\u00eb pas m\u00eb 2015 p\u00ebr themelimin e Asociacionit.<\/p>\n<p>M\u00eb 2015, Gjykata Kushtetuese e Kosov\u00ebs kishte th\u00ebn\u00eb se Marr\u00ebveshja mbi parimet p\u00ebr themelimin e Asociacionit nuk kishte n\u00eb p\u00ebrputhje t\u00eb plot\u00eb me Kushtetut\u00ebn.<\/p>\n<p>Po ashtu, themelimi i Asociacionit \u00ebsht\u00eb p\u00ebrfshir\u00eb edhe n\u00eb Marr\u00ebveshjen n\u00eb rrug\u00ebn drejt normalizimit t\u00eb raporteve q\u00eb pal\u00ebt arrit\u00ebn vitin e kaluar.<\/p>\n<p>BE-ja dhe SHBA-ja vazhdimisht i kan\u00eb b\u00ebr\u00eb thirrje Kosov\u00ebs q\u00eb themeloj\u00eb Asociacionin. Vitin e kaluar, bashk\u00ebsia nd\u00ebrkomb\u00ebtare i paraqiti Kosov\u00ebs dhe Serbis\u00eb nj\u00eb draft-statut p\u00ebr Asociacionin.<\/p>\n<p>Pal\u00ebt fillimisht e pranuan draft-statutin, por ende nuk \u00ebsht\u00eb nd\u00ebrmarr\u00eb ndonj\u00eb hap drejt themelimit t\u00eb tij.<\/p>\n<p>Duke folur p\u00ebr rezolut\u00ebn q\u00eb pritet t\u00eb miratohet n\u00eb Kombet e Bashkuara p\u00ebr Srebrenic\u00ebn, O\u2019Brien tha se q\u00ebllimi \u00ebsht\u00eb q\u00eb t\u00eb ket\u00eb partneritet me Serbin\u00eb dhe k\u00ebdo tjet\u00ebr, p\u00ebr t\u2019u p\u00ebrballur me t\u00eb v\u00ebrtet\u00ebn.<\/p>\n<p>Zyrtari amerikan tha se ka qen\u00eb avokat q\u00eb ka punuar n\u00eb hetimin e krimeve t\u00eb luft\u00ebs dhe ka qen\u00eb pjes\u00eb e ekipit t\u00eb par\u00eb q\u00eb ka hetuar vrasjet n\u00eb Srebrenic\u00eb.<\/p>\n<p>\u201cAt\u00ebbot\u00eb, forcat e Qeveris\u00eb s\u00eb Serbis\u00eb na garantuan ne sigurin\u00eb dhe m\u00eb pas me ne ishin edhe p\u00ebrfaq\u00ebsuesit e OKB-s\u00eb teksa ne po kryenim pun\u00ebn p\u00ebr t\u00eb v\u00ebrtet\u00ebn. Edhe sot e k\u00ebsaj dite po e b\u00ebjm\u00eb k\u00ebt\u00eb, dhe ne duhet t\u00eb p\u00ebrballemi me t\u00eb v\u00ebrtet\u00ebn. Ne ishim partner\u00eb at\u00ebher\u00eb dhe duhet t\u00eb jemi partner\u00eb edhe tani\u201d, tha ai.\/REL<\/p>\n","protected":false},"excerpt":{"rendered":"<p>BEOGRAD &#8211; Ndihm\u00ebssekretari amerikan i Shtetit p\u00ebr Evrop\u00ebn dhe Euroazin\u00eb, James O&#8217;Brien, tha se Kosova ka premtuar se do t\u00eb themeloj\u00eb Asociacionin e komunave me shumic\u00eb serbe dhe Uashingtoni pret q\u00eb ky zotim t\u00eb realizohet. O&#8217;Brien tha se rikujtoi se themelimi i Asociacionit \u00ebsht\u00eb &#8220;i r\u00ebnd\u00ebsish\u00ebm p\u00ebr serb\u00ebt n\u00eb Kosov\u00eb n\u00eb m\u00ebnyr\u00eb q\u00eb ata t\u00eb [&hellip;]<\/p>\n","protected":false},"author":1,"featured_media":83136,"comment_status":"open","ping_status":"open","sticky":false,"template":"","format":"standard","meta":{"footnotes":""},"categories":[15],"tags":[3803,1159,4569,6514,287,799],"class_list":["post-83135","post","type-post","status-publish","format-standard","has-post-thumbnail","hentry","category-ballkan","tag-aktuale","tag-aleksandar-vucic","tag-asociacioni-i-komunave-serbe","tag-james-obrien","tag-kosova","tag-serbia"],"_links":{"self":[{"href":"https:\/\/prizrenpost.com\/al\/wp-json\/wp\/v2\/posts\/83135","targetHints":{"allow":["GET"]}}],"collection":[{"href":"https:\/\/prizrenpost.com\/al\/wp-json\/wp\/v2\/posts"}],"about":[{"href":"https:\/\/prizrenpost.com\/al\/wp-json\/wp\/v2\/types\/post"}],"author":[{"embeddable":true,"href":"https:\/\/prizrenpost.com\/al\/wp-json\/wp\/v2\/users\/1"}],"replies":[{"embeddable":true,"href":"https:\/\/prizrenpost.com\/al\/wp-json\/wp\/v2\/comments?post=83135"}],"version-history":[{"count":1,"href":"https:\/\/prizrenpost.com\/al\/wp-json\/wp\/v2\/posts\/83135\/revisions"}],"predecessor-version":[{"id":83137,"href":"https:\/\/prizrenpost.com\/al\/wp-json\/wp\/v2\/posts\/83135\/revisions\/83137"}],"wp:featuredmedia":[{"embeddable":true,"href":"https:\/\/prizrenpost.com\/al\/wp-json\/wp\/v2\/media\/83136"}],"wp:attachment":[{"href":"https:\/\/prizrenpost.com\/al\/wp-json\/wp\/v2\/media?parent=83135"}],"wp:term":[{"taxonomy":"category","embeddable":true,"href":"https:\/\/prizrenpost.com\/al\/wp-json\/wp\/v2\/categories?post=83135"},{"taxonomy":"post_tag","embeddable":true,"href":"https:\/\/prizrenpost.com\/al\/wp-json\/wp\/v2\/tags?post=83135"}],"curies":[{"name":"wp","href":"https:\/\/api.w.org\/{rel}","templated":true}]}}