{"id":83567,"date":"2025-06-10T13:53:04","date_gmt":"2025-06-10T11:53:04","guid":{"rendered":"https:\/\/prizrenpost.com\/al\/ja-nje-permbledhje-e-ngjarjeve-kryesore-te-sotme-ne-palestine\/"},"modified":"2025-06-10T13:54:15","modified_gmt":"2025-06-10T11:54:15","slug":"ja-nje-permbledhje-e-ngjarjeve-kryesore-te-sotme-ne-palestine","status":"publish","type":"post","link":"https:\/\/prizrenpost.com\/al\/ja-nje-permbledhje-e-ngjarjeve-kryesore-te-sotme-ne-palestine\/","title":{"rendered":"Ja nj\u00eb p\u00ebrmbledhje e ngjarjeve kryesore t\u00eb sotme n\u00eb Palestin\u00eb"},"content":{"rendered":"<p><img decoding=\"async\" src=\"https:\/\/prizrenpost.com\/al\/wp-content\/uploads\/2025\/06\/wp-header-logo-67.png\" alt=\"\" width=\"100%\" height=\"\" class=\"alignnone size-full wp-image-83568\" srcset=\"https:\/\/prizrenpost.com\/al\/wp-content\/uploads\/2025\/06\/wp-header-logo-67.png 696w, https:\/\/prizrenpost.com\/al\/wp-content\/uploads\/2025\/06\/wp-header-logo-67-300x169.png 300w\" sizes=\"(max-width: 696px) 100vw, 696px\" \/> <!-- content --><\/p>\n<p>Ministria e Jashtme Izraelite thot\u00eb se 11 aktivist\u00ebt dhe gazetar\u00ebt n\u00eb bordin e Madleen jan\u00eb d\u00ebrguar n\u00eb Aeroportin Nd\u00ebrkomb\u00ebtar Ben Gurion n\u00eb Tel Aviv dhe do t\u00eb deportohen s\u00eb shpejti.<\/p>\n<p>Forcat izraelite kan\u00eb nisur sulme n\u00eb portin civil t\u00eb Hodeidah n\u00eb Jemen.<\/p>\n<p>Koleg\u00ebt nga Al Jazeera Arabic, duke cituar Spitalin al-Quds, raportojn\u00eb se 20 persona jan\u00eb vrar\u00eb dhe m\u00eb shum\u00eb se 124 jan\u00eb plagosur nd\u00ebrsa prisnin ndihm\u00eb pran\u00eb t\u00eb ashtuquajturit Korridor Netzarim, n\u00eb jug t\u00eb qytetit t\u00eb Gaz\u00ebs.<\/p>\n<p>Trupat e n\u00ebnt\u00eb palestinez\u00ebve jan\u00eb gjetur pas sulmeve ajrore izraelite mbi sht\u00ebpit\u00eb n\u00eb Jabalia al-Balad, sipas nj\u00eb burimi n\u00eb Spitalin al-Shifa t\u00eb cituar nga koleg\u00ebt tan\u00eb n\u00eb Al Jazeera Arabic.<\/p>\n<p>Agjencia Komb\u00ebtare Libaneze e Lajmeve (NNA) raporton se forcat izraelite kan\u00eb kryer nj\u00eb sulm me dron pran\u00eb qytetit Shebaa n\u00eb Libanin jugor.<\/p>\n","protected":false},"excerpt":{"rendered":"<p>Ministria e Jashtme Izraelite thot\u00eb se 11 aktivist\u00ebt dhe gazetar\u00ebt n\u00eb bordin e Madleen jan\u00eb d\u00ebrguar n\u00eb Aeroportin Nd\u00ebrkomb\u00ebtar Ben Gurion n\u00eb Tel Aviv dhe do t\u00eb deportohen s\u00eb shpejti. Forcat izraelite kan\u00eb nisur sulme n\u00eb portin civil t\u00eb Hodeidah n\u00eb Jemen. Koleg\u00ebt nga Al Jazeera Arabic, duke cituar Spitalin al-Quds, raportojn\u00eb se 20 persona [&hellip;]<\/p>\n","protected":false},"author":6,"featured_media":83568,"comment_status":"open","ping_status":"open","sticky":false,"template":"","format":"standard","meta":{"footnotes":""},"categories":[24],"tags":[],"class_list":["post-83567","post","type-post","status-publish","format-standard","has-post-thumbnail","hentry","category-bote"],"_links":{"self":[{"href":"https:\/\/prizrenpost.com\/al\/wp-json\/wp\/v2\/posts\/83567","targetHints":{"allow":["GET"]}}],"collection":[{"href":"https:\/\/prizrenpost.com\/al\/wp-json\/wp\/v2\/posts"}],"about":[{"href":"https:\/\/prizrenpost.com\/al\/wp-json\/wp\/v2\/types\/post"}],"author":[{"embeddable":true,"href":"https:\/\/prizrenpost.com\/al\/wp-json\/wp\/v2\/users\/6"}],"replies":[{"embeddable":true,"href":"https:\/\/prizrenpost.com\/al\/wp-json\/wp\/v2\/comments?post=83567"}],"version-history":[{"count":1,"href":"https:\/\/prizrenpost.com\/al\/wp-json\/wp\/v2\/posts\/83567\/revisions"}],"predecessor-version":[{"id":83569,"href":"https:\/\/prizrenpost.com\/al\/wp-json\/wp\/v2\/posts\/83567\/revisions\/83569"}],"wp:featuredmedia":[{"embeddable":true,"href":"https:\/\/prizrenpost.com\/al\/wp-json\/wp\/v2\/media\/83568"}],"wp:attachment":[{"href":"https:\/\/prizrenpost.com\/al\/wp-json\/wp\/v2\/media?parent=83567"}],"wp:term":[{"taxonomy":"category","embeddable":true,"href":"https:\/\/prizrenpost.com\/al\/wp-json\/wp\/v2\/categories?post=83567"},{"taxonomy":"post_tag","embeddable":true,"href":"https:\/\/prizrenpost.com\/al\/wp-json\/wp\/v2\/tags?post=83567"}],"curies":[{"name":"wp","href":"https:\/\/api.w.org\/{rel}","templated":true}]}}