{"id":8391,"date":"2014-07-19T20:02:48","date_gmt":"2014-07-19T18:02:48","guid":{"rendered":"http:\/\/prizrenpost.com\/al\/?p=8391"},"modified":"2019-01-29T13:45:09","modified_gmt":"2019-01-29T12:45:09","slug":"dita-e-12-te-e-konfliktit-ne-gaza-330-viktima","status":"publish","type":"post","link":"https:\/\/prizrenpost.com\/al\/dita-e-12-te-e-konfliktit-ne-gaza-330-viktima\/","title":{"rendered":"Dita e 12-t\u00eb e konfliktit n\u00eb Gaza, 330 viktima"},"content":{"rendered":"<p><img decoding=\"async\" src=\"https:\/\/prizrenpost.com\/al\/wp-content\/uploads\/2014\/07\/gazza-1.jpg\" alt=\"\" width=\"100%\" height=\"\" class=\"alignleft size-full wp-image-51950\" srcset=\"https:\/\/prizrenpost.com\/al\/wp-content\/uploads\/2014\/07\/gazza-1.jpg 640w, https:\/\/prizrenpost.com\/al\/wp-content\/uploads\/2014\/07\/gazza-1-300x169.jpg 300w\" sizes=\"(max-width: 640px) 100vw, 640px\" \/><\/p>\n<p><strong>Gaza, 19 korrik &#8211; Zyrtar\u00ebt palestinez\u00eb kan\u00eb th\u00ebn\u00eb se sulmet ajrore t\u00eb Izraelit kan\u00eb vrar\u00eb mbi 25 persona n\u00eb Rripin e Gaz\u00ebs gjat\u00eb dit\u00ebs s\u00eb sotme, duke e quar k\u00ebshtu numrin viktimave n\u00eb 330 t\u00eb vrar\u00eb n\u00eb t\u00ebr\u00ebsi gjat\u00eb dhun\u00ebs 12 ditore.<\/strong><\/p>\n<p>Izraeli ka filluar t\u00eb bombardoj\u00eb territorin q\u00eb udh\u00ebhiqet prej Hamasit m\u00eb 8 korrik si p\u00ebrgjigje ndaj sulmeve me raketa t\u00eb militant\u00ebve palestinez drejt territorit izraelit.<\/p>\n<p>Mij\u00ebra ushtar\u00eb izaelit\u00eb kan\u00eb kaluar n\u00eb territorin e Gaz\u00ebs m\u00eb 17 korrik, p\u00ebr t\u00eb shkat\u00ebrruar tunele dhe lansues raketash q\u00eb p\u00ebrdoren nga militant\u00ebt.<\/p>\n<p>Dy civil\u00eb izraelit dhe nj\u00eb ushtar\u00eb jan\u00eb vrar\u00eb prej se ka nisur konflikti.<\/p>\n<p>Sekretari i P\u00ebrgjithsh\u00ebm i OKB-s\u00eb, Ban Ki-moon, ka udh\u00ebtuar drejt Lindjes s\u00eb Mesme sot p\u00ebr t\u00eb nd\u00ebrmjet\u00ebsuar arritjen e nj\u00eb arm\u00ebpushimi.<\/p>\n<p>Presidenti amerikan, Barack Obama, m\u00eb 18 korrik e ka inkurajuar kryeministrin izraelit, Benjamin Netanjahu, gjat\u00eb nj\u00eb bisede telefonike q\u00eb t\u00eb minimizoj\u00eb viktimat n\u00eb civil\u00eb gjat\u00eb ofenziv\u00ebs kund\u00ebr militant\u00ebve, derisa e ka njoftuar se SHBA-t\u00eb e p\u00ebrkrah t\u00eb drejt\u00ebn e Izraelit p\u00ebr vetmbrojtje.\/zhurnal\/<\/p>\n","protected":false},"excerpt":{"rendered":"<p>Gaza, 19 korrik &#8211; Zyrtar\u00ebt palestinez\u00eb kan\u00eb th\u00ebn\u00eb se sulmet ajrore t\u00eb Izraelit kan\u00eb vrar\u00eb mbi 25 persona n\u00eb Rripin e Gaz\u00ebs gjat\u00eb dit\u00ebs s\u00eb sotme, duke e quar k\u00ebshtu numrin viktimave n\u00eb 330 t\u00eb vrar\u00eb n\u00eb t\u00ebr\u00ebsi gjat\u00eb dhun\u00ebs 12 ditore. Izraeli ka filluar t\u00eb bombardoj\u00eb territorin q\u00eb udh\u00ebhiqet prej Hamasit m\u00eb 8 korrik [&hellip;]<\/p>\n","protected":false},"author":1,"featured_media":51950,"comment_status":"open","ping_status":"open","sticky":false,"template":"","format":"standard","meta":{"footnotes":""},"categories":[1],"tags":[234,1378,2047],"class_list":["post-8391","post","type-post","status-publish","format-standard","has-post-thumbnail","hentry","category-lajme","tag-gaza","tag-izraeli","tag-palestine"],"_links":{"self":[{"href":"https:\/\/prizrenpost.com\/al\/wp-json\/wp\/v2\/posts\/8391","targetHints":{"allow":["GET"]}}],"collection":[{"href":"https:\/\/prizrenpost.com\/al\/wp-json\/wp\/v2\/posts"}],"about":[{"href":"https:\/\/prizrenpost.com\/al\/wp-json\/wp\/v2\/types\/post"}],"author":[{"embeddable":true,"href":"https:\/\/prizrenpost.com\/al\/wp-json\/wp\/v2\/users\/1"}],"replies":[{"embeddable":true,"href":"https:\/\/prizrenpost.com\/al\/wp-json\/wp\/v2\/comments?post=8391"}],"version-history":[{"count":0,"href":"https:\/\/prizrenpost.com\/al\/wp-json\/wp\/v2\/posts\/8391\/revisions"}],"wp:featuredmedia":[{"embeddable":true,"href":"https:\/\/prizrenpost.com\/al\/wp-json\/wp\/v2\/media\/51950"}],"wp:attachment":[{"href":"https:\/\/prizrenpost.com\/al\/wp-json\/wp\/v2\/media?parent=8391"}],"wp:term":[{"taxonomy":"category","embeddable":true,"href":"https:\/\/prizrenpost.com\/al\/wp-json\/wp\/v2\/categories?post=8391"},{"taxonomy":"post_tag","embeddable":true,"href":"https:\/\/prizrenpost.com\/al\/wp-json\/wp\/v2\/tags?post=8391"}],"curies":[{"name":"wp","href":"https:\/\/api.w.org\/{rel}","templated":true}]}}