{"id":84555,"date":"2025-07-19T09:28:57","date_gmt":"2025-07-19T07:28:57","guid":{"rendered":"https:\/\/prizrenpost.com\/al\/organizatat-e-dala-nga-lufta-kerkojne-konstituimin-e-kuvendit\/"},"modified":"2025-07-19T09:28:57","modified_gmt":"2025-07-19T07:28:57","slug":"organizatat-e-dala-nga-lufta-kerkojne-konstituimin-e-kuvendit","status":"publish","type":"post","link":"https:\/\/prizrenpost.com\/al\/organizatat-e-dala-nga-lufta-kerkojne-konstituimin-e-kuvendit\/","title":{"rendered":"Organizatat e dala nga lufta k\u00ebrkojn\u00eb konstituimin e Kuvendit"},"content":{"rendered":"<div>\n            <!-- image --><\/p>\n<div class=\"td-post-featured-image\"><a href=\"https:\/\/i0.wp.com\/www.mesazhi.com\/wp-content\/uploads\/2025\/07\/Capture-11.jpg?fit=885%2C528&amp;ssl=1\" data-caption=\"\"><img loading=\"lazy\" width=\"696\" height=\"415\" class=\"entry-thumb td-modal-image lazyload\" alt=\"\" title=\"Capture\" src=\"https:\/\/prizrenpost.com\/al\/wp-content\/uploads\/2025\/07\/Capture-11.jpg?resize=696,415&#038;ssl=1\" decoding=\"async\" srcset=\"https:\/\/i0.wp.com\/www.mesazhi.com\/wp-content\/uploads\/2025\/07\/Capture-11.jpg?w=885&amp;ssl=1 885w, https:\/\/i0.wp.com\/www.mesazhi.com\/wp-content\/uploads\/2025\/07\/Capture-11.jpg?resize=300%2C179&amp;ssl=1 300w, https:\/\/i0.wp.com\/www.mesazhi.com\/wp-content\/uploads\/2025\/07\/Capture-11.jpg?resize=768%2C458&amp;ssl=1 768w, https:\/\/i0.wp.com\/www.mesazhi.com\/wp-content\/uploads\/2025\/07\/Capture-11.jpg?resize=704%2C420&amp;ssl=1 704w, https:\/\/i0.wp.com\/www.mesazhi.com\/wp-content\/uploads\/2025\/07\/Capture-11.jpg?resize=150%2C89&amp;ssl=1 150w, https:\/\/prizrenpost.com\/al\/wp-content\/uploads\/2025\/07\/Capture-11.jpg?resize=696,415&#038;ssl=1 696w\" data-sizes=\"auto\" data-eio-rwidth=\"696\" data-eio-rheight=\"415\"\/><noscript><img loading=\"lazy\" decoding=\"async\" width=\"696\" height=\"415\" class=\"entry-thumb td-modal-image\" src=\"https:\/\/prizrenpost.com\/al\/wp-content\/uploads\/2025\/07\/Capture-11.jpg?resize=696,415&#038;ssl=1\" srcset=\"https:\/\/i0.wp.com\/www.mesazhi.com\/wp-content\/uploads\/2025\/07\/Capture-11.jpg?w=885&amp;ssl=1 885w, https:\/\/i0.wp.com\/www.mesazhi.com\/wp-content\/uploads\/2025\/07\/Capture-11.jpg?resize=300%2C179&amp;ssl=1 300w, https:\/\/i0.wp.com\/www.mesazhi.com\/wp-content\/uploads\/2025\/07\/Capture-11.jpg?resize=768%2C458&amp;ssl=1 768w, https:\/\/i0.wp.com\/www.mesazhi.com\/wp-content\/uploads\/2025\/07\/Capture-11.jpg?resize=704%2C420&amp;ssl=1 704w, https:\/\/i0.wp.com\/www.mesazhi.com\/wp-content\/uploads\/2025\/07\/Capture-11.jpg?resize=150%2C89&amp;ssl=1 150w, https:\/\/prizrenpost.com\/al\/wp-content\/uploads\/2025\/07\/Capture-11.jpg?resize=696,415&#038;ssl=1 696w\" sizes=\"auto, (max-width: 696px) 100vw, 696px\" alt=\"\" title=\"Capture\" data-eio=\"l\"\/><\/noscript><\/a><\/div>\n<p>            <!-- content --><\/p>\n<p>Organizatat e dala nga lufta e Ushtris\u00eb \u00c7lirimtare t\u00eb Kosov\u00ebs (U\u00c7K) u kan\u00eb b\u00ebr\u00eb thirrje partive politike, n\u00eb ve\u00e7anti L\u00ebvizjes Vet\u00ebvendosje, si partia e par\u00eb n\u00eb zgjedhjet e 9 shkurtit, t\u00eb arrijn\u00eb nj\u00eb zgjidhje p\u00ebr konstituimin e Kuvendit para 26 korrikut, afat i parapar\u00eb nga Gjykata Kushtetuese. N\u00eb t\u00eb kund\u00ebrt\u00ebn, t\u00eb nj\u00ebjtat kan\u00eb paralajm\u00ebruar se nuk do t\u00eb rrin\u00eb duarkryq, pasi si\u00e7 than\u00eb, shteti i Kosov\u00ebs nuk mund t\u00eb mbahet peng i askujt.<\/p>\n<p>N\u00ebnkryetari i Organizat\u00ebs s\u00eb Veteran\u00ebve t\u00eb Luft\u00ebs s\u00eb U\u00c7K-s\u00eb, Gazmend Syla, n\u00eb nj\u00eb konferenc\u00eb p\u00ebr media tha se po e ndjekin me shqet\u00ebsim t\u00eb madh kriz\u00ebn politike n\u00eb vend, ku as pas m\u00eb shum\u00eb se pes\u00eb muajve nuk po formohen institucionet e reja.<\/p>\n<p>\u201cPo e ndjekim me shqet\u00ebsim t\u00eb madh ng\u00ebr\u00e7in e krijuar n\u00eb Kuvendin e Kosov\u00ebs. Kjo situat\u00eb e krijuar s\u00eb fundmi, ku jan\u00eb b\u00ebr\u00eb 48 tentime p\u00ebr konstituim, tregon se partit\u00eb politike nuk kan\u00eb vullnet t\u00eb sinqert\u00eb p\u00ebr t\u00eb gjetur nj\u00eb zgjidhje p\u00ebr t\u00eb dal\u00eb nga ky bllokim institucional. Ne si kategori e dal\u00eb nga lufta e U\u00c7K-s\u00eb u b\u00ebjm\u00eb thirrje t\u00eb gjitha partive politike, me theks t\u00eb ve\u00e7ant\u00eb partis\u00eb s\u00eb par\u00eb q\u00eb ka dal\u00eb nga zgjedhjet, q\u00eb urgjentisht t\u00eb gjejn\u00eb zgjidhje p\u00ebr formimin e institucioneve. Kjo situat\u00eb \u00ebsht\u00eb e papranueshme p\u00ebr ne si kategori dhe p\u00ebr popullin shqiptar. Gjykata Kushtetuese ka dh\u00ebn\u00eb nj\u00eb vendim t\u00eb qart\u00eb se Kuvendi duhet t\u00eb konstituohet deri m\u00eb 26 korrik 2025. Moszbatimi i k\u00ebtij vendimi p\u00ebrb\u00ebn shkelje t\u00eb drejtp\u00ebrdrejt\u00eb t\u00eb Kushtetut\u00ebs s\u00eb Kosov\u00ebs\u201d, theksoi Syla.<\/p>\n<p>Gjykata Kushtetuese, n\u00eb nj\u00eb aktgjykim n\u00eb fund t\u00eb muajit qershor, ka obliguar partit\u00eb parlamentare t\u00eb konstituojn\u00eb legjislatur\u00ebn e n\u00ebnt\u00eb deri m\u00eb 26 korrik, por e nj\u00ebjta nuk ka treguar pasojat juridike n\u00ebse nuk ndodh nj\u00eb gj\u00eb e till\u00eb.<\/p>\n<p>Syla tha se n\u00ebse s\u2019ka zgjidhje dhe formim t\u00eb institucioneve deri m\u00eb 26 korrik, at\u00ebher\u00eb ata nuk do t\u00eb rrin\u00eb duarkryq, megjithat\u00eb nuk tregoi p\u00ebr veprimet q\u00eb mund t\u2019i nd\u00ebrmarrin.<\/p>\n<p>\u201cShteti nuk mund t\u00eb mbahet peng nga asnj\u00eb individ, qoft\u00eb ai edhe kryeminist\u00ebr. N\u00ebse deri m\u00eb 26 korrik nuk ka reflektim p\u00ebr ta zgjidhur k\u00ebt\u00eb situat\u00eb, ne si kategori e dal\u00eb nga lufta nuk do t\u00eb q\u00ebndrojm\u00eb t\u00eb heshtur apo duarkryq. Kosova \u00ebsht\u00eb nd\u00ebrtuar mbi gjakun e bijve dhe bijave m\u00eb t\u00eb mira t\u00eb k\u00ebtij vendi dhe nuk do t\u00eb lejojm\u00eb ask\u00ebnd t\u00eb shkel\u00eb mbi k\u00ebt\u00eb sakrific\u00eb\u201d, tha ai.<\/p>\n<p>Duke folur p\u00ebr rr\u00ebzimin e mocionit t\u00eb Dhomave t\u00eb Specializuara n\u00eb Hag\u00eb p\u00ebr largimin e nj\u00eb pjese t\u00eb aktakuz\u00ebs ndaj ish-epror\u00ebve t\u00eb U\u00c7K-s\u00eb, Syla tha se kjo gjykat\u00eb \u00ebsht\u00eb politike dhe se jan\u00eb duke u angazhuar q\u00eb politikisht ta kund\u00ebrshtojn\u00eb t\u00eb nj\u00ebjt\u00ebn.<\/p>\n<p>Ai b\u00ebri t\u00eb ditur se kan\u00eb d\u00ebrguar letra n\u00eb adres\u00eb t\u00eb ambasadave dhe ambasador\u00ebve t\u00eb shteteve mike, eurodeputet\u00ebve dhe t\u00eb d\u00ebrguarit t\u00eb presidentit amerikan p\u00ebr Misione t\u00eb Posa\u00e7me, Richard Grenell.<\/p>\n<p>Madje, Syla tha se jan\u00eb caktuar takime n\u00eb kat\u00ebr ambasada t\u00eb ndryshme p\u00ebr t\u00eb diskutuar p\u00ebr Gjykat\u00ebn Speciale, mir\u00ebpo nuk tregoi se cilat jan\u00eb ato.<\/p>\n<p>\u201cKjo gjykat\u00eb \u00ebsht\u00eb politike. Meqen\u00ebse \u00ebsht\u00eb e till\u00eb, ne kemi menduar se vet\u00ebm n\u00eb form\u00eb politike duhet t\u2019i kund\u00ebrvihemi. Pasi nuk jemi t\u00eb sigurt se si kategori e dal\u00eb nga lufta n\u00ebse dalim t\u00eb b\u00ebjm\u00eb protest\u00eb, \u00e7far\u00eb efekti do t\u00eb ket\u00eb. Kemi nd\u00ebrmarr\u00eb nj\u00eb s\u00ebr\u00eb veprimesh. Kemi shkruar ambasador\u00ebve dhe ambasadave, po ashtu edhe ambasadorit Grenell dhe shum\u00eb deputet\u00ebve t\u00eb Parlamentit Evropian. Meqen\u00ebse ky gjykim do t\u00eb jet\u00eb politik p\u00ebr lider\u00ebt tan\u00eb, duhet t\u00eb ndiqet rruga politike. Vizit\u00ebn e fundit e kemi pasur n\u00eb Parlamentin Zviceran. Disa prej ambasadave, kat\u00ebr prej tyre, na kan\u00eb pritur dhe kemi caktuar datat p\u00ebr takim\u201d, tha ai.<\/p>\n<p>Sa i p\u00ebrket deklaratave t\u00eb presidentes Osmani, e cila n\u00eb SHBA ka deklaruar se presidenti Trump s\u00eb fundmi ka parandaluar Serbin\u00eb t\u00eb p\u00ebrshkall\u00ebzoj\u00eb situat\u00ebn n\u00eb Kosov\u00eb, ai tha se ato q\u00eb thot\u00eb presidenti amerikan kan\u00eb t\u00eb drejt\u00eb, mir\u00ebpo, sipas tij, e para e vendit nganj\u00ebher\u00eb po humb rrug\u00ebn.<\/p>\n<p>Si\u00e7 thot\u00eb ai, presidentja Osmani m\u00eb mir\u00eb \u00ebsht\u00eb t\u00eb merret me ish-epror\u00ebt e U\u00c7K-s\u00eb q\u00eb po gjykohen n\u00eb Hag\u00eb dhe ta kthej\u00eb kok\u00ebn kah kategorit\u00eb e dala nga lufta.<\/p>\n<p>\u201cAto q\u00eb i thot\u00eb presidenti Trump dhe ambasadori Grenell gjithmon\u00eb kan\u00eb t\u00eb drejt\u00eb. Presidentja jon\u00eb nganj\u00ebher\u00eb e humb rrug\u00ebn dhe do t\u00eb ishte mir\u00eb t\u00eb merrej me ish-presidentin Tha\u00e7i dhe bashk\u00ebluft\u00ebtar\u00ebt atje. Do t\u00eb ishte mir\u00eb q\u00eb ajo t\u00eb b\u00ebnte ndonj\u00eb t\u00eb mir\u00eb p\u00ebr ta, apo t\u00eb kthente kok\u00ebn nga kategorit\u00eb e liris\u00eb, pasi asnj\u00ebher\u00eb nuk e ka shkelur k\u00ebt\u00eb zyr\u00eb k\u00ebtu. Ajo \u00e7ka thot\u00eb nuk ka r\u00ebnd\u00ebsi, pasi nuk na p\u00ebrfaq\u00ebson denj\u00ebsisht, si\u00e7 mendojm\u00eb ne\u201d, p\u00ebrfundoi Syla.<\/p>\n<p>Krah me Syl\u00ebn n\u00eb adresimin e k\u00ebtyre mesazheve ishin edhe p\u00ebrfaq\u00ebsues nga organizata e Invalid\u00ebve dhe t\u00eb D\u00ebshmor\u00ebve t\u00eb Luft\u00ebs s\u00eb U\u00c7K-s\u00eb.<\/p>\n<\/p><\/div>\n<p><\/p>\n","protected":false},"excerpt":{"rendered":"<p>Organizatat e dala nga lufta e Ushtris\u00eb \u00c7lirimtare t\u00eb Kosov\u00ebs (U\u00c7K) u kan\u00eb b\u00ebr\u00eb thirrje partive politike, n\u00eb ve\u00e7anti L\u00ebvizjes Vet\u00ebvendosje, si partia e par\u00eb n\u00eb zgjedhjet e 9 shkurtit, t\u00eb arrijn\u00eb nj\u00eb zgjidhje p\u00ebr konstituimin e Kuvendit para 26 korrikut, afat i parapar\u00eb nga Gjykata Kushtetuese. N\u00eb t\u00eb kund\u00ebrt\u00ebn, t\u00eb nj\u00ebjtat kan\u00eb paralajm\u00ebruar se [&hellip;]<\/p>\n","protected":false},"author":6,"featured_media":84556,"comment_status":"open","ping_status":"open","sticky":false,"template":"","format":"standard","meta":{"footnotes":""},"categories":[1],"tags":[3803],"class_list":["post-84555","post","type-post","status-publish","format-standard","has-post-thumbnail","hentry","category-lajme","tag-aktuale"],"_links":{"self":[{"href":"https:\/\/prizrenpost.com\/al\/wp-json\/wp\/v2\/posts\/84555","targetHints":{"allow":["GET"]}}],"collection":[{"href":"https:\/\/prizrenpost.com\/al\/wp-json\/wp\/v2\/posts"}],"about":[{"href":"https:\/\/prizrenpost.com\/al\/wp-json\/wp\/v2\/types\/post"}],"author":[{"embeddable":true,"href":"https:\/\/prizrenpost.com\/al\/wp-json\/wp\/v2\/users\/6"}],"replies":[{"embeddable":true,"href":"https:\/\/prizrenpost.com\/al\/wp-json\/wp\/v2\/comments?post=84555"}],"version-history":[{"count":0,"href":"https:\/\/prizrenpost.com\/al\/wp-json\/wp\/v2\/posts\/84555\/revisions"}],"wp:featuredmedia":[{"embeddable":true,"href":"https:\/\/prizrenpost.com\/al\/wp-json\/wp\/v2\/media\/84556"}],"wp:attachment":[{"href":"https:\/\/prizrenpost.com\/al\/wp-json\/wp\/v2\/media?parent=84555"}],"wp:term":[{"taxonomy":"category","embeddable":true,"href":"https:\/\/prizrenpost.com\/al\/wp-json\/wp\/v2\/categories?post=84555"},{"taxonomy":"post_tag","embeddable":true,"href":"https:\/\/prizrenpost.com\/al\/wp-json\/wp\/v2\/tags?post=84555"}],"curies":[{"name":"wp","href":"https:\/\/api.w.org\/{rel}","templated":true}]}}