{"id":86772,"date":"2025-12-22T18:11:07","date_gmt":"2025-12-22T15:11:07","guid":{"rendered":"https:\/\/prizrenpost.com\/al\/shqiperia-feston-sot-diten-e-clirimit\/"},"modified":"2025-12-22T18:11:07","modified_gmt":"2025-12-22T15:11:07","slug":"shqiperia-feston-sot-diten-e-clirimit","status":"publish","type":"post","link":"https:\/\/prizrenpost.com\/al\/shqiperia-feston-sot-diten-e-clirimit\/","title":{"rendered":"\u200bShqip\u00ebria feston sot Dit\u00ebn e \u00c7lirimit"},"content":{"rendered":"<p>Shqiptar\u00ebt festojn\u00eb sot 29 N\u00ebntorin, Dit\u00ebn e \u00c7lirimit t\u00eb vendit nga pushtuesit nazifashist\u00eb.<\/p>\n<p>Politika shqiptare e feston s\u00ebrish e ndar\u00eb Dit\u00ebn e \u00c7lirimit t\u00eb vendit, edhe pse 29 N\u00ebntori \u00ebsht\u00eb data zyrtare e kujtimit t\u00eb k\u00ebsaj dite.<\/p>\n<p>T\u00eb majt\u00ebt respektojn\u00eb 28 N\u00ebntorin si Dit\u00ebn e Pavar\u00ebsis\u00eb dhe 29 N\u00ebntorin si Dit\u00ebn e \u00c7lirimit, nd\u00ebrkoh\u00eb q\u00eb t\u00eb djatht\u00ebt i p\u00ebrkujtojn\u00eb t\u00eb dy festat m\u00eb 28 N\u00ebntor.<\/p>\n<p>N\u00eb 74-vjetorin e \u00c7lirimit, sot do t\u00eb zhvillohen ceremoni p\u00ebrkujtimore n\u00eb nj\u00eb atmosfer\u00eb solemne n\u00eb mbar\u00eb vendin, n\u00eb respekt dhe mir\u00ebnjohje t\u00eb vepr\u00ebs t\u00eb d\u00ebshmor\u00ebve.<\/p>\n<p>Autoritetet m\u00eb t\u00eb larta t\u00eb shtetit, Presidenti i Republik\u00ebs, p\u00ebrfaq\u00ebsues t\u00eb Partis\u00eb Socialiste dhe aleat\u00ebve t\u00eb saj dhe veteran\u00eb do t\u00eb nderojn\u00eb sot d\u00ebshmor\u00ebt e r\u00ebn\u00eb p\u00ebr liri, duke b\u00ebr\u00eb homazhe pran\u00eb Varrezave t\u00eb D\u00ebshmor\u00ebve.<\/p>\n<p>Partia Demokratike nderoi dje kujtimin e r\u00ebn\u00ebve duke vendosur kurora me lule pran\u00eb monumentit \u201cN\u00ebn\u00eb Shqip\u00ebri\u201d.<\/p>\n<p>Debati p\u00ebr Fest\u00ebn e \u00c7lirimit mbetet ende i ndezur n\u00eb politik\u00ebn shqiptare, ku e djathta ndjek t\u00eb nj\u00ebjtin model si gjat\u00eb mandatit t\u00eb saj t\u00eb par\u00eb qeveris\u00ebs, kur ndryshoi dat\u00ebn e \u00c7lirimit, nga 29 N\u00ebntori m\u00eb 28 N\u00ebntor, pasi sipas saj, kjo e fundit ishte zgjedhur nga regjimi komunist duke falsifikuar historin\u00eb.<\/p>\n<p>Por 29 N\u00ebntori e fitoi s\u00ebrish statusin e Dit\u00ebs s\u00eb \u00c7lirimit kur e majta erdhi n\u00eb pushtet, n\u00eb ver\u00ebn e vitit 1997, kur me nj\u00eb ligj t\u00eb posa\u00e7\u00ebm u kthye n\u00eb fest\u00eb zyrtare.<\/p>\n<hr style=\"margin:30px 0\"\/>\n<p style=\"font-size:13px;color:#666\">Burimi: <strong>mesazhi.com<\/strong><\/p>\n","protected":false},"excerpt":{"rendered":"<p>Shqiptar\u00ebt festojn\u00eb sot 29 N\u00ebntorin, Dit\u00ebn e \u00c7lirimit t\u00eb vendit nga pushtuesit nazifashist\u00eb. Politika shqiptare e feston s\u00ebrish e ndar\u00eb Dit\u00ebn e \u00c7lirimit t\u00eb vendit, edhe pse 29 N\u00ebntori \u00ebsht\u00eb data zyrtare e kujtimit t\u00eb k\u00ebsaj dite. T\u00eb majt\u00ebt respektojn\u00eb 28 N\u00ebntorin si Dit\u00ebn e Pavar\u00ebsis\u00eb dhe 29 N\u00ebntorin si Dit\u00ebn e \u00c7lirimit, nd\u00ebrkoh\u00eb q\u00eb [&hellip;]<\/p>\n","protected":false},"author":1,"featured_media":86071,"comment_status":"open","ping_status":"open","sticky":false,"template":"","format":"standard","meta":{"footnotes":""},"categories":[15],"tags":[],"class_list":["post-86772","post","type-post","status-publish","format-standard","has-post-thumbnail","hentry","category-ballkan"],"_links":{"self":[{"href":"https:\/\/prizrenpost.com\/al\/wp-json\/wp\/v2\/posts\/86772","targetHints":{"allow":["GET"]}}],"collection":[{"href":"https:\/\/prizrenpost.com\/al\/wp-json\/wp\/v2\/posts"}],"about":[{"href":"https:\/\/prizrenpost.com\/al\/wp-json\/wp\/v2\/types\/post"}],"author":[{"embeddable":true,"href":"https:\/\/prizrenpost.com\/al\/wp-json\/wp\/v2\/users\/1"}],"replies":[{"embeddable":true,"href":"https:\/\/prizrenpost.com\/al\/wp-json\/wp\/v2\/comments?post=86772"}],"version-history":[{"count":0,"href":"https:\/\/prizrenpost.com\/al\/wp-json\/wp\/v2\/posts\/86772\/revisions"}],"wp:featuredmedia":[{"embeddable":true,"href":"https:\/\/prizrenpost.com\/al\/wp-json\/wp\/v2\/media\/86071"}],"wp:attachment":[{"href":"https:\/\/prizrenpost.com\/al\/wp-json\/wp\/v2\/media?parent=86772"}],"wp:term":[{"taxonomy":"category","embeddable":true,"href":"https:\/\/prizrenpost.com\/al\/wp-json\/wp\/v2\/categories?post=86772"},{"taxonomy":"post_tag","embeddable":true,"href":"https:\/\/prizrenpost.com\/al\/wp-json\/wp\/v2\/tags?post=86772"}],"curies":[{"name":"wp","href":"https:\/\/api.w.org\/{rel}","templated":true}]}}