{"id":86773,"date":"2025-12-22T18:11:08","date_gmt":"2025-12-22T15:11:08","guid":{"rendered":"https:\/\/prizrenpost.com\/al\/turqia-uron-shqiperine-per-diten-e-flamurit-gezuar-aleatit-tone\/"},"modified":"2025-12-22T18:11:09","modified_gmt":"2025-12-22T15:11:09","slug":"turqia-uron-shqiperine-per-diten-e-flamurit-gezuar-aleatit-tone","status":"publish","type":"post","link":"https:\/\/prizrenpost.com\/al\/turqia-uron-shqiperine-per-diten-e-flamurit-gezuar-aleatit-tone\/","title":{"rendered":"Turqia uron Shqip\u00ebrin\u00eb p\u00ebr Dit\u00ebn e Flamurit: G\u00ebzuar aleatit ton\u00eb"},"content":{"rendered":"<p><img decoding=\"async\" src=\"https:\/\/prizrenpost.com\/al\/wp-content\/uploads\/2025\/12\/image-3-2-1.jpg\" style=\"width:100%;height:auto;margin-bottom:20px\"\/><\/p>\n<p>Ministria e Pun\u00ebve t\u00eb Jashtme e Turqis\u00eb i ka shprehur urimet e saj Shqip\u00ebris\u00eb me rastin e 28 N\u00ebntorit, Dit\u00ebs s\u00eb Flamurit.<\/p>\n<p>Mesazhi i urimit i Turqis\u00eb p\u00ebr Shqip\u00ebrin\u00eb thekson miq\u00ebsin\u00eb e q\u00ebndrueshme dhe lidhjet e forta midis dy vendeve.<\/p>\n<p>\u201cG\u00ebzuar 28 N\u00ebntorin, Dit\u00ebn e Flamurit dhe t\u00eb Pavar\u00ebsis\u00eb, aleatit dhe partnerit ton\u00eb strategjik, Shqip\u00ebris\u00eb\u201d, shkroi ministria turke n\u00eb X.<\/p>\n<p>Ndryshe, sot n\u00eb qytetin e Vlor\u00ebs po mbahet ceremonia e ngritjes s\u00eb flamurit me rastin e 113 vjetorit t\u00eb Pavar\u00ebsis\u00eb.<\/p>\n<p>N\u00eb ceremoni po marrin pjes\u00eb kryeministri i Shqip\u00ebris\u00eb, Edi Rama, presidenti i Shqip\u00ebris\u00eb, Bajram Begaj dhe presidentja e Kosov\u00ebs, Vjosa Osmani, transmeton Telegrafi.<\/p>\n<p>Qendra e festimeve mbetet qyteti i Vlor\u00ebs, aty ku m\u00eb 28 n\u00ebntor 1912 Ismail Qemali ngriti flamurin kuqezi dhe shpalli Pavar\u00ebsin\u00eb e Shqip\u00ebris\u00eb.<\/p>\n<p>Ceremonit\u00eb shtet\u00ebrore, homazhet, parakalimet festive dhe aktivitetet kulturore kan\u00eb mbledhur qindra qytetar\u00eb, p\u00ebrfaq\u00ebsues t\u00eb institucioneve dhe figura t\u00eb njohura t\u00eb jet\u00ebs publike.<\/p>\n<hr style=\"margin:30px 0\"\/>\n<p style=\"font-size:13px;color:#666\">Burimi: <strong>mesazhi.com<\/strong><\/p>\n","protected":false},"excerpt":{"rendered":"<p>Ministria e Pun\u00ebve t\u00eb Jashtme e Turqis\u00eb i ka shprehur urimet e saj Shqip\u00ebris\u00eb me rastin e 28 N\u00ebntorit, Dit\u00ebs s\u00eb Flamurit. Mesazhi i urimit i Turqis\u00eb p\u00ebr Shqip\u00ebrin\u00eb thekson miq\u00ebsin\u00eb e q\u00ebndrueshme dhe lidhjet e forta midis dy vendeve. \u201cG\u00ebzuar 28 N\u00ebntorin, Dit\u00ebn e Flamurit dhe t\u00eb Pavar\u00ebsis\u00eb, aleatit dhe partnerit ton\u00eb strategjik, Shqip\u00ebris\u00eb\u201d, [&hellip;]<\/p>\n","protected":false},"author":1,"featured_media":86774,"comment_status":"open","ping_status":"open","sticky":false,"template":"","format":"standard","meta":{"footnotes":""},"categories":[15],"tags":[],"class_list":["post-86773","post","type-post","status-publish","format-standard","has-post-thumbnail","hentry","category-ballkan"],"_links":{"self":[{"href":"https:\/\/prizrenpost.com\/al\/wp-json\/wp\/v2\/posts\/86773","targetHints":{"allow":["GET"]}}],"collection":[{"href":"https:\/\/prizrenpost.com\/al\/wp-json\/wp\/v2\/posts"}],"about":[{"href":"https:\/\/prizrenpost.com\/al\/wp-json\/wp\/v2\/types\/post"}],"author":[{"embeddable":true,"href":"https:\/\/prizrenpost.com\/al\/wp-json\/wp\/v2\/users\/1"}],"replies":[{"embeddable":true,"href":"https:\/\/prizrenpost.com\/al\/wp-json\/wp\/v2\/comments?post=86773"}],"version-history":[{"count":1,"href":"https:\/\/prizrenpost.com\/al\/wp-json\/wp\/v2\/posts\/86773\/revisions"}],"predecessor-version":[{"id":86775,"href":"https:\/\/prizrenpost.com\/al\/wp-json\/wp\/v2\/posts\/86773\/revisions\/86775"}],"wp:featuredmedia":[{"embeddable":true,"href":"https:\/\/prizrenpost.com\/al\/wp-json\/wp\/v2\/media\/86774"}],"wp:attachment":[{"href":"https:\/\/prizrenpost.com\/al\/wp-json\/wp\/v2\/media?parent=86773"}],"wp:term":[{"taxonomy":"category","embeddable":true,"href":"https:\/\/prizrenpost.com\/al\/wp-json\/wp\/v2\/categories?post=86773"},{"taxonomy":"post_tag","embeddable":true,"href":"https:\/\/prizrenpost.com\/al\/wp-json\/wp\/v2\/tags?post=86773"}],"curies":[{"name":"wp","href":"https:\/\/api.w.org\/{rel}","templated":true}]}}