{"id":86778,"date":"2025-12-22T18:11:11","date_gmt":"2025-12-22T15:11:11","guid":{"rendered":"https:\/\/prizrenpost.com\/al\/osmani-uron-shqiperine-per-hapjen-e-pese-kapitujve-te-fundit-te-negociatave-me-be-ne\/"},"modified":"2025-12-22T18:11:11","modified_gmt":"2025-12-22T15:11:11","slug":"osmani-uron-shqiperine-per-hapjen-e-pese-kapitujve-te-fundit-te-negociatave-me-be-ne","status":"publish","type":"post","link":"https:\/\/prizrenpost.com\/al\/osmani-uron-shqiperine-per-hapjen-e-pese-kapitujve-te-fundit-te-negociatave-me-be-ne\/","title":{"rendered":"Osmani uron Shqip\u00ebrin\u00eb p\u00ebr hapjen e pes\u00eb kapitujve t\u00eb fundit t\u00eb negociatave me BE-n\u00eb"},"content":{"rendered":"<p><img decoding=\"async\" src=\"https:\/\/prizrenpost.com\/al\/wp-content\/uploads\/2025\/12\/osmani-1-1.jpg\" style=\"width:100%;height:auto;margin-bottom:20px\"\/><\/p>\n<p>Presidentja e Kosov\u00ebs, Vjosa Osmani, ka p\u00ebrg\u00ebzuar udh\u00ebheqjen e Shqip\u00ebris\u00eb p\u00ebr hapjen e pes\u00eb kapitujve t\u00eb fundit t\u00eb negociatave p\u00ebr an\u00ebtar\u00ebsim n\u00eb Bashkimin Evropian, nj\u00eb moment q\u00eb ajo e ka cil\u00ebsuar si historik p\u00ebr shtetin shqiptar dhe p\u00ebr gjith\u00eb rajonin.<\/p>\n<p>N\u00eb nj\u00eb postim n\u00eb platform\u00ebn \u201cX\u201d, Osmani ka shprehur urimet e saj p\u00ebr presidentin Bajram Begaj, kryeministrin Edi Rama dhe qytetar\u00ebt e Shqip\u00ebris\u00eb, duke theksuar se ky zhvillim konfirmon angazhimin e pal\u00ebkundur t\u00eb Shqip\u00ebris\u00eb n\u00eb rrug\u00ebn drejt BE-s\u00eb.<\/p>\n<p>\u201cUrime p\u00ebr hapjen e pes\u00eb kapitujve t\u00eb fundit t\u00eb negociatave me BE-n\u00eb \u2014 nj\u00eb hap historik q\u00eb e afron edhe m\u00eb shum\u00eb Shqip\u00ebrin\u00eb dhe rajonin ton\u00eb me Bashkimin Evropian. Kosova sot feston s\u00eb bashku me Shqip\u00ebrin\u00eb k\u00ebt\u00eb arritje, teksa vazhdojm\u00eb pandalur rrug\u00ebn ton\u00eb drejt BE-s\u00eb\u201d, shkroi Osmani.<\/p>\n<p>Ajo shtoi se ky progres i Shqip\u00ebris\u00eb \u00ebsht\u00eb nj\u00eb mesazh shprese p\u00ebr t\u00eb gjith\u00eb qytetar\u00ebt e rajonit q\u00eb synojn\u00eb integrimin evropian.<\/p>\n<hr style=\"margin:30px 0\"\/>\n<p style=\"font-size:13px;color:#666\">Burimi: <strong>mesazhi.com<\/strong><\/p>\n","protected":false},"excerpt":{"rendered":"<p>Presidentja e Kosov\u00ebs, Vjosa Osmani, ka p\u00ebrg\u00ebzuar udh\u00ebheqjen e Shqip\u00ebris\u00eb p\u00ebr hapjen e pes\u00eb kapitujve t\u00eb fundit t\u00eb negociatave p\u00ebr an\u00ebtar\u00ebsim n\u00eb Bashkimin Evropian, nj\u00eb moment q\u00eb ajo e ka cil\u00ebsuar si historik p\u00ebr shtetin shqiptar dhe p\u00ebr gjith\u00eb rajonin. N\u00eb nj\u00eb postim n\u00eb platform\u00ebn \u201cX\u201d, Osmani ka shprehur urimet e saj p\u00ebr presidentin Bajram [&hellip;]<\/p>\n","protected":false},"author":1,"featured_media":86779,"comment_status":"open","ping_status":"open","sticky":false,"template":"","format":"standard","meta":{"footnotes":""},"categories":[15],"tags":[],"class_list":["post-86778","post","type-post","status-publish","format-standard","has-post-thumbnail","hentry","category-ballkan"],"_links":{"self":[{"href":"https:\/\/prizrenpost.com\/al\/wp-json\/wp\/v2\/posts\/86778","targetHints":{"allow":["GET"]}}],"collection":[{"href":"https:\/\/prizrenpost.com\/al\/wp-json\/wp\/v2\/posts"}],"about":[{"href":"https:\/\/prizrenpost.com\/al\/wp-json\/wp\/v2\/types\/post"}],"author":[{"embeddable":true,"href":"https:\/\/prizrenpost.com\/al\/wp-json\/wp\/v2\/users\/1"}],"replies":[{"embeddable":true,"href":"https:\/\/prizrenpost.com\/al\/wp-json\/wp\/v2\/comments?post=86778"}],"version-history":[{"count":1,"href":"https:\/\/prizrenpost.com\/al\/wp-json\/wp\/v2\/posts\/86778\/revisions"}],"predecessor-version":[{"id":86780,"href":"https:\/\/prizrenpost.com\/al\/wp-json\/wp\/v2\/posts\/86778\/revisions\/86780"}],"wp:featuredmedia":[{"embeddable":true,"href":"https:\/\/prizrenpost.com\/al\/wp-json\/wp\/v2\/media\/86779"}],"wp:attachment":[{"href":"https:\/\/prizrenpost.com\/al\/wp-json\/wp\/v2\/media?parent=86778"}],"wp:term":[{"taxonomy":"category","embeddable":true,"href":"https:\/\/prizrenpost.com\/al\/wp-json\/wp\/v2\/categories?post=86778"},{"taxonomy":"post_tag","embeddable":true,"href":"https:\/\/prizrenpost.com\/al\/wp-json\/wp\/v2\/tags?post=86778"}],"curies":[{"name":"wp","href":"https:\/\/api.w.org\/{rel}","templated":true}]}}