{"id":86788,"date":"2025-12-22T18:11:14","date_gmt":"2025-12-22T15:11:14","guid":{"rendered":"https:\/\/prizrenpost.com\/al\/dy-te-vrare-ne-durres-autori-ne-kerkim\/"},"modified":"2025-12-22T18:11:15","modified_gmt":"2025-12-22T15:11:15","slug":"dy-te-vrare-ne-durres-autori-ne-kerkim","status":"publish","type":"post","link":"https:\/\/prizrenpost.com\/al\/dy-te-vrare-ne-durres-autori-ne-kerkim\/","title":{"rendered":"Dy t\u00eb vrar\u00eb n\u00eb Durr\u00ebs, autori n\u00eb k\u00ebrkim"},"content":{"rendered":"<p><img decoding=\"async\" src=\"https:\/\/prizrenpost.com\/al\/wp-content\/uploads\/2025\/12\/5c42d788-b655-4c61-b394-3763076a185d-1.jpg\" style=\"width:100%;height:auto;margin-bottom:20px\"\/><\/p>\n<p>Dy t\u00eb rinj kan\u00eb humbur jet\u00ebn si pasoj\u00eb e t\u00eb sht\u00ebnave me arm\u00eb n\u00eb Durr\u00ebs n\u00eb or\u00ebt e para t\u00eb s\u00eb m\u00ebrkur\u00ebs.<\/p>\n<p>Si\u00e7 kan\u00eb shkruar mediat n\u00eb Shqip\u00ebri, A.K. (23) dhe F.P. (33) mbet\u00ebn t\u00eb vdekur pas t\u00eb sht\u00ebnave n\u00eb nj\u00eb kafene t\u00eb nj\u00eb pike karburanti.<\/p>\n<p>Raportohet se F.P. ka q\u00eblluar p\u00ebr vdekje A.K., nd\u00ebrsa F.P. \u00ebsht\u00eb q\u00eblluar nga D.P. i cili \u00ebsht\u00eb n\u00eb arrati. Policia ka shpallur n\u00eb k\u00ebrkim t\u00eb dyshuarin.<\/p>\n<p>Raportohet se t\u00eb sht\u00ebnat nis\u00ebn pasi dy shok\u00eb kishin hyr\u00eb n\u00eb nj\u00eb lokal dhe i kishin k\u00ebrkuar kamerierit q\u00eb t\u2019u p\u00ebrgatiste kafe. E debati nisi pasi lokali njoftoi se nuk mund t\u00eb b\u00ebnte m\u00eb kafe p\u00ebr shkak se aparati ishte i fikur.<\/p>\n<p>Situata p\u00ebrshkall\u00ebzoi dhe n\u00eb konflikt u p\u00ebrfshi edhe nj\u00eb person q\u00eb ndodhej n\u00eb lokal.<\/p>\n<hr style=\"margin:30px 0\"\/>\n<p style=\"font-size:13px;color:#666\">Burimi: <strong>mesazhi.com<\/strong><\/p>\n","protected":false},"excerpt":{"rendered":"<p>Dy t\u00eb rinj kan\u00eb humbur jet\u00ebn si pasoj\u00eb e t\u00eb sht\u00ebnave me arm\u00eb n\u00eb Durr\u00ebs n\u00eb or\u00ebt e para t\u00eb s\u00eb m\u00ebrkur\u00ebs. Si\u00e7 kan\u00eb shkruar mediat n\u00eb Shqip\u00ebri, A.K. (23) dhe F.P. (33) mbet\u00ebn t\u00eb vdekur pas t\u00eb sht\u00ebnave n\u00eb nj\u00eb kafene t\u00eb nj\u00eb pike karburanti. Raportohet se F.P. ka q\u00eblluar p\u00ebr vdekje A.K., nd\u00ebrsa [&hellip;]<\/p>\n","protected":false},"author":1,"featured_media":86789,"comment_status":"open","ping_status":"open","sticky":false,"template":"","format":"standard","meta":{"footnotes":""},"categories":[15],"tags":[],"class_list":["post-86788","post","type-post","status-publish","format-standard","has-post-thumbnail","hentry","category-ballkan"],"_links":{"self":[{"href":"https:\/\/prizrenpost.com\/al\/wp-json\/wp\/v2\/posts\/86788","targetHints":{"allow":["GET"]}}],"collection":[{"href":"https:\/\/prizrenpost.com\/al\/wp-json\/wp\/v2\/posts"}],"about":[{"href":"https:\/\/prizrenpost.com\/al\/wp-json\/wp\/v2\/types\/post"}],"author":[{"embeddable":true,"href":"https:\/\/prizrenpost.com\/al\/wp-json\/wp\/v2\/users\/1"}],"replies":[{"embeddable":true,"href":"https:\/\/prizrenpost.com\/al\/wp-json\/wp\/v2\/comments?post=86788"}],"version-history":[{"count":1,"href":"https:\/\/prizrenpost.com\/al\/wp-json\/wp\/v2\/posts\/86788\/revisions"}],"predecessor-version":[{"id":86790,"href":"https:\/\/prizrenpost.com\/al\/wp-json\/wp\/v2\/posts\/86788\/revisions\/86790"}],"wp:featuredmedia":[{"embeddable":true,"href":"https:\/\/prizrenpost.com\/al\/wp-json\/wp\/v2\/media\/86789"}],"wp:attachment":[{"href":"https:\/\/prizrenpost.com\/al\/wp-json\/wp\/v2\/media?parent=86788"}],"wp:term":[{"taxonomy":"category","embeddable":true,"href":"https:\/\/prizrenpost.com\/al\/wp-json\/wp\/v2\/categories?post=86788"},{"taxonomy":"post_tag","embeddable":true,"href":"https:\/\/prizrenpost.com\/al\/wp-json\/wp\/v2\/tags?post=86788"}],"curies":[{"name":"wp","href":"https:\/\/api.w.org\/{rel}","templated":true}]}}