{"id":86798,"date":"2025-12-22T18:11:19","date_gmt":"2025-12-22T15:11:19","guid":{"rendered":"https:\/\/prizrenpost.com\/al\/gjendet-e-vdekur-nje-25-vjecare-nga-kosova-ne-tetove\/"},"modified":"2025-12-22T18:11:19","modified_gmt":"2025-12-22T15:11:19","slug":"gjendet-e-vdekur-nje-25-vjecare-nga-kosova-ne-tetove","status":"publish","type":"post","link":"https:\/\/prizrenpost.com\/al\/gjendet-e-vdekur-nje-25-vjecare-nga-kosova-ne-tetove\/","title":{"rendered":"\u200bGjendet e vdekur nj\u00eb 25-vje\u00e7are nga Kosova n\u00eb Tetov\u00eb"},"content":{"rendered":"<p>\u00cbsht\u00eb gjetur pa shenja jete trupi i nj\u00eb 25-vje\u00e7areje nga Kosova, q\u00eb supozohet t\u00eb jet\u00eb studente n\u00eb Tetov\u00eb.<\/p>\n<p>Ngjarja ka ndodhur rreth or\u00ebs 19:00, derisa dyshimet e para jan\u00eb p\u00ebr vrasje, por nuk p\u00ebrjashtohen variantet e tjera.<\/p>\n<p>Trupi i pajet\u00eb \u00ebsht\u00eb gjetur nga kalimtar\u00eb t\u00eb rastit pas tregut t\u00eb gjelb\u00ebr n\u00eb Tetov\u00eb, raporton AlsatMk.<\/p>\n<p>Policia dhe Prokurori Publik jan\u00eb n\u00eb vendngjarje duke kryer hetimet.<\/p>\n<hr style=\"margin:30px 0\"\/>\n<p style=\"font-size:13px;color:#666\">Burimi: <strong>mesazhi.com<\/strong><\/p>\n","protected":false},"excerpt":{"rendered":"<p>\u00cbsht\u00eb gjetur pa shenja jete trupi i nj\u00eb 25-vje\u00e7areje nga Kosova, q\u00eb supozohet t\u00eb jet\u00eb studente n\u00eb Tetov\u00eb. Ngjarja ka ndodhur rreth or\u00ebs 19:00, derisa dyshimet e para jan\u00eb p\u00ebr vrasje, por nuk p\u00ebrjashtohen variantet e tjera. Trupi i pajet\u00eb \u00ebsht\u00eb gjetur nga kalimtar\u00eb t\u00eb rastit pas tregut t\u00eb gjelb\u00ebr n\u00eb Tetov\u00eb, raporton AlsatMk. Policia [&hellip;]<\/p>\n","protected":false},"author":1,"featured_media":86071,"comment_status":"open","ping_status":"open","sticky":false,"template":"","format":"standard","meta":{"footnotes":""},"categories":[15],"tags":[],"class_list":["post-86798","post","type-post","status-publish","format-standard","has-post-thumbnail","hentry","category-ballkan"],"_links":{"self":[{"href":"https:\/\/prizrenpost.com\/al\/wp-json\/wp\/v2\/posts\/86798","targetHints":{"allow":["GET"]}}],"collection":[{"href":"https:\/\/prizrenpost.com\/al\/wp-json\/wp\/v2\/posts"}],"about":[{"href":"https:\/\/prizrenpost.com\/al\/wp-json\/wp\/v2\/types\/post"}],"author":[{"embeddable":true,"href":"https:\/\/prizrenpost.com\/al\/wp-json\/wp\/v2\/users\/1"}],"replies":[{"embeddable":true,"href":"https:\/\/prizrenpost.com\/al\/wp-json\/wp\/v2\/comments?post=86798"}],"version-history":[{"count":0,"href":"https:\/\/prizrenpost.com\/al\/wp-json\/wp\/v2\/posts\/86798\/revisions"}],"wp:featuredmedia":[{"embeddable":true,"href":"https:\/\/prizrenpost.com\/al\/wp-json\/wp\/v2\/media\/86071"}],"wp:attachment":[{"href":"https:\/\/prizrenpost.com\/al\/wp-json\/wp\/v2\/media?parent=86798"}],"wp:term":[{"taxonomy":"category","embeddable":true,"href":"https:\/\/prizrenpost.com\/al\/wp-json\/wp\/v2\/categories?post=86798"},{"taxonomy":"post_tag","embeddable":true,"href":"https:\/\/prizrenpost.com\/al\/wp-json\/wp\/v2\/tags?post=86798"}],"curies":[{"name":"wp","href":"https:\/\/api.w.org\/{rel}","templated":true}]}}