{"id":86802,"date":"2025-12-22T18:11:20","date_gmt":"2025-12-22T15:11:20","guid":{"rendered":"https:\/\/prizrenpost.com\/al\/ndjehemi-te-turperuar-presidentja-maqedonase-reagon-per-thirrjet-fashiste-ndaj-shqiptareve\/"},"modified":"2025-12-22T18:11:21","modified_gmt":"2025-12-22T15:11:21","slug":"ndjehemi-te-turperuar-presidentja-maqedonase-reagon-per-thirrjet-fashiste-ndaj-shqiptareve","status":"publish","type":"post","link":"https:\/\/prizrenpost.com\/al\/ndjehemi-te-turperuar-presidentja-maqedonase-reagon-per-thirrjet-fashiste-ndaj-shqiptareve\/","title":{"rendered":"\u201cNdjehemi t\u00eb turp\u00ebruar\u201d \u2013 Presidentja maqedonase reagon p\u00ebr thirrjet fashiste ndaj shqiptar\u00ebve"},"content":{"rendered":"<p><img decoding=\"async\" src=\"https:\/\/prizrenpost.com\/al\/wp-content\/uploads\/2025\/12\/Capture-3.jpg\" style=\"width:100%;height:auto;margin-bottom:20px\"\/><\/p>\n<p>Presidentja e Maqedonis\u00eb s\u00eb Veriut, Gordana Siljanovska Davkova, ka reaguar ndaj thirrjeve fashiste ndaj shqiptar\u00ebve nga tifoz\u00ebt n\u00eb ndeshjen e basketbollit mes Maqedonis\u00eb dhe Rumanis\u00eb q\u00eb u mbajt n\u00eb Kumanov\u00eb.<\/p>\n<p>Davkoka ka th\u00ebn\u00eb se populli maqedonas ndjehet i turp\u00ebruar p\u00ebr shkak t\u00eb tifoz\u00ebve t\u00eb pap\u00ebrgjegjsh\u00ebm q\u00eb \u201cq\u00eblluan me plumba urrejtjeje ndaj bashk\u00ebqytetar\u00ebve shqiptar\u00eb\u201d.<\/p>\n<p>\u201cP\u00ebr shkak t\u00eb analfabetizmit ton\u00eb sportiv, q\u00eb ndodh p\u00ebr t\u00eb kush e di t\u00eb sat\u00ebn her\u00eb, me t\u00eb drejt\u00eb nuk ndalen reagimet ndaj incidentit t\u00eb tmerrsh\u00ebm n\u00eb ndeshjen e basketbollit n\u00eb Kumanov\u00eb, ku disa tifoz\u00eb t\u00eb pap\u00ebrgjegjsh\u00ebm q\u00eblluan me plumba urrejtjeje ndaj bashk\u00ebqytetar\u00ebve tan\u00eb shqiptar\u00eb \u2014 por n\u00eb fakt, na godit\u00ebn t\u00eb gjith\u00ebve, madje edhe vetveten, dhe s\u00ebrish jemi t\u00eb turp\u00ebruar\u201d, ka shkruar ajo n\u00eb Facebook.<\/p>\n<p>Siljanovska Davkova ka th\u00ebn\u00eb se Maqedonia nuk do t\u00eb lejoj\u00eb m\u00eb q\u00eb arenat sportive t\u00eb kthehen n\u00eb \u201carena tifoz\u00ebsh gladiator\u00ebsh\u201d.<\/p>\n<p>Ajo ka th\u00ebn\u00eb se shteti duhet t\u2019u kund\u00ebrvihet urrejtjes s\u00eb tifoz\u00ebve dhe t\u00eb m\u00ebsoj\u00eb se si t\u00eb brohorasin. Sipas saj, Maqedonia e Veriut ka nevoj\u00eb p\u00ebr \u201cnj\u00eb alfabet t\u00eb brohoritjes si k\u00ebnaq\u00ebsi sportive\u201d.<\/p>\n<p>\u201cMaqedoni e past\u00ebr\u201d, \u201cShqiptari i mir\u00eb \u00ebsht\u00eb shqiptari i vdekur\u201d dhe \u201cDhoma e gazit p\u00ebr shqiptar\u00ebt\u201d, jan\u00eb disa nga parullat e k\u00ebnduara nga tifoz\u00ebt vendas, thirrje t\u00eb lidhura me retorik\u00ebn naziste t\u00eb shfarosjes. K\u00ebto thirrje u b\u00ebn\u00eb n\u00eb pranin\u00eb e kryeministrit maqedonas e zyrtar\u00ebve t\u00eb lart\u00eb shtet\u00ebror\u00eb.<\/p>\n<hr style=\"margin:30px 0\"\/>\n<p style=\"font-size:13px;color:#666\">Burimi: <strong>mesazhi.com<\/strong><\/p>\n","protected":false},"excerpt":{"rendered":"<p>Presidentja e Maqedonis\u00eb s\u00eb Veriut, Gordana Siljanovska Davkova, ka reaguar ndaj thirrjeve fashiste ndaj shqiptar\u00ebve nga tifoz\u00ebt n\u00eb ndeshjen e basketbollit mes Maqedonis\u00eb dhe Rumanis\u00eb q\u00eb u mbajt n\u00eb Kumanov\u00eb. Davkoka ka th\u00ebn\u00eb se populli maqedonas ndjehet i turp\u00ebruar p\u00ebr shkak t\u00eb tifoz\u00ebve t\u00eb pap\u00ebrgjegjsh\u00ebm q\u00eb \u201cq\u00eblluan me plumba urrejtjeje ndaj bashk\u00ebqytetar\u00ebve shqiptar\u00eb\u201d. \u201cP\u00ebr shkak [&hellip;]<\/p>\n","protected":false},"author":1,"featured_media":86803,"comment_status":"open","ping_status":"open","sticky":false,"template":"","format":"standard","meta":{"footnotes":""},"categories":[15],"tags":[],"class_list":["post-86802","post","type-post","status-publish","format-standard","has-post-thumbnail","hentry","category-ballkan"],"_links":{"self":[{"href":"https:\/\/prizrenpost.com\/al\/wp-json\/wp\/v2\/posts\/86802","targetHints":{"allow":["GET"]}}],"collection":[{"href":"https:\/\/prizrenpost.com\/al\/wp-json\/wp\/v2\/posts"}],"about":[{"href":"https:\/\/prizrenpost.com\/al\/wp-json\/wp\/v2\/types\/post"}],"author":[{"embeddable":true,"href":"https:\/\/prizrenpost.com\/al\/wp-json\/wp\/v2\/users\/1"}],"replies":[{"embeddable":true,"href":"https:\/\/prizrenpost.com\/al\/wp-json\/wp\/v2\/comments?post=86802"}],"version-history":[{"count":1,"href":"https:\/\/prizrenpost.com\/al\/wp-json\/wp\/v2\/posts\/86802\/revisions"}],"predecessor-version":[{"id":86804,"href":"https:\/\/prizrenpost.com\/al\/wp-json\/wp\/v2\/posts\/86802\/revisions\/86804"}],"wp:featuredmedia":[{"embeddable":true,"href":"https:\/\/prizrenpost.com\/al\/wp-json\/wp\/v2\/media\/86803"}],"wp:attachment":[{"href":"https:\/\/prizrenpost.com\/al\/wp-json\/wp\/v2\/media?parent=86802"}],"wp:term":[{"taxonomy":"category","embeddable":true,"href":"https:\/\/prizrenpost.com\/al\/wp-json\/wp\/v2\/categories?post=86802"},{"taxonomy":"post_tag","embeddable":true,"href":"https:\/\/prizrenpost.com\/al\/wp-json\/wp\/v2\/tags?post=86802"}],"curies":[{"name":"wp","href":"https:\/\/api.w.org\/{rel}","templated":true}]}}