{"id":86811,"date":"2025-12-22T18:11:23","date_gmt":"2025-12-22T15:11:23","guid":{"rendered":"https:\/\/prizrenpost.com\/al\/prej-sot-edhe-nje-pike-e-perbashket-kufitare-me-maqedonine-e-veriut\/"},"modified":"2025-12-22T18:11:24","modified_gmt":"2025-12-22T15:11:24","slug":"prej-sot-edhe-nje-pike-e-perbashket-kufitare-me-maqedonine-e-veriut","status":"publish","type":"post","link":"https:\/\/prizrenpost.com\/al\/prej-sot-edhe-nje-pike-e-perbashket-kufitare-me-maqedonine-e-veriut\/","title":{"rendered":"Prej sot edhe nj\u00eb pik\u00eb e p\u00ebrbashk\u00ebt kufitare me Maqedonin\u00eb e Veriut"},"content":{"rendered":"<p><img decoding=\"async\" src=\"https:\/\/prizrenpost.com\/al\/wp-content\/uploads\/2025\/12\/kufi-3.jpg\" style=\"width:100%;height:auto;margin-bottom:20px\"\/><\/p>\n<p>Prej sot (28 maj) edhe pika kufitare me Maqedonin\u00eb e Veriut, Gllobo\u00e7ic\u00eb -Jazhinc\u00eb, do t\u00eb kalohet me vet\u00ebm nj\u00eb kontroll.<\/p>\n<p>N\u00eb or\u00ebn 14:00 do t\u00eb b\u00ebhet inaugurimi i pik\u00ebs s\u00eb p\u00ebrbashk\u00ebt kufitare, q\u00eb \u00ebsht\u00eb e dyta pas asaj t\u00eb Hanit t\u00eb Elezit \u2013 Bllac\u00eb, q\u00eb u inaugurua n\u00eb prill.<\/p>\n<p>Si\u00e7 ka njoftuar Ministria e Pun\u00ebve t\u00eb Brendshme e Kosov\u00ebs, n\u00eb ceremonin\u00eb inauguruese do t\u00eb marrin pjes\u00eb ministrat e brendsh\u00ebm t\u00eb t\u00eb dyja shteteve dhe z\u00ebvend\u00ebskryeministri i par\u00eb i Maqedonis\u00eb s\u00eb Veriut, Izet Mexhiti.<\/p>\n<p>\u201cKy pik\u00ebkalim i p\u00ebrbashk\u00ebt \u00ebsht\u00eb nj\u00ebri nga dy pikat e kalimit t\u00eb p\u00ebrbashk\u00ebt kufitar\u00eb t\u00eb parapar\u00eb sipas Protokollit t\u00eb Implementimit t\u00eb Marr\u00ebveshjes nd\u00ebrmjet Qeveris\u00eb s\u00eb Republik\u00ebs s\u00eb Kosov\u00ebs dhe Qeveris\u00eb s\u00eb Republik\u00ebs s\u00eb Maqedonis\u00eb s\u00eb Veriut p\u00ebr Pikat e P\u00ebrbashk\u00ebta t\u00eb Kalimit Kufitar Hani i Elezit \u2013 Bllac\u00eb dhe Glloboqic\u00eb \u2013 Jazhinc\u00eb, n\u00ebnshkruar n\u00eb n\u00ebntor 2024 n\u00eb mbledhjen e p\u00ebrbashk\u00ebt t\u00eb dy qeverive\u201d, ka njoftuar MPB.<\/p>\n<hr style=\"margin:30px 0\"\/>\n<p style=\"font-size:13px;color:#666\">Burimi: <strong>mesazhi.com<\/strong><\/p>\n","protected":false},"excerpt":{"rendered":"<p>Prej sot (28 maj) edhe pika kufitare me Maqedonin\u00eb e Veriut, Gllobo\u00e7ic\u00eb -Jazhinc\u00eb, do t\u00eb kalohet me vet\u00ebm nj\u00eb kontroll. N\u00eb or\u00ebn 14:00 do t\u00eb b\u00ebhet inaugurimi i pik\u00ebs s\u00eb p\u00ebrbashk\u00ebt kufitare, q\u00eb \u00ebsht\u00eb e dyta pas asaj t\u00eb Hanit t\u00eb Elezit \u2013 Bllac\u00eb, q\u00eb u inaugurua n\u00eb prill. Si\u00e7 ka njoftuar Ministria e Pun\u00ebve [&hellip;]<\/p>\n","protected":false},"author":1,"featured_media":86812,"comment_status":"open","ping_status":"open","sticky":false,"template":"","format":"standard","meta":{"footnotes":""},"categories":[15],"tags":[],"class_list":["post-86811","post","type-post","status-publish","format-standard","has-post-thumbnail","hentry","category-ballkan"],"_links":{"self":[{"href":"https:\/\/prizrenpost.com\/al\/wp-json\/wp\/v2\/posts\/86811","targetHints":{"allow":["GET"]}}],"collection":[{"href":"https:\/\/prizrenpost.com\/al\/wp-json\/wp\/v2\/posts"}],"about":[{"href":"https:\/\/prizrenpost.com\/al\/wp-json\/wp\/v2\/types\/post"}],"author":[{"embeddable":true,"href":"https:\/\/prizrenpost.com\/al\/wp-json\/wp\/v2\/users\/1"}],"replies":[{"embeddable":true,"href":"https:\/\/prizrenpost.com\/al\/wp-json\/wp\/v2\/comments?post=86811"}],"version-history":[{"count":1,"href":"https:\/\/prizrenpost.com\/al\/wp-json\/wp\/v2\/posts\/86811\/revisions"}],"predecessor-version":[{"id":86813,"href":"https:\/\/prizrenpost.com\/al\/wp-json\/wp\/v2\/posts\/86811\/revisions\/86813"}],"wp:featuredmedia":[{"embeddable":true,"href":"https:\/\/prizrenpost.com\/al\/wp-json\/wp\/v2\/media\/86812"}],"wp:attachment":[{"href":"https:\/\/prizrenpost.com\/al\/wp-json\/wp\/v2\/media?parent=86811"}],"wp:term":[{"taxonomy":"category","embeddable":true,"href":"https:\/\/prizrenpost.com\/al\/wp-json\/wp\/v2\/categories?post=86811"},{"taxonomy":"post_tag","embeddable":true,"href":"https:\/\/prizrenpost.com\/al\/wp-json\/wp\/v2\/tags?post=86811"}],"curies":[{"name":"wp","href":"https:\/\/api.w.org\/{rel}","templated":true}]}}