{"id":86832,"date":"2025-12-22T18:27:47","date_gmt":"2025-12-22T15:27:47","guid":{"rendered":"https:\/\/prizrenpost.com\/al\/policet-nga-kosova-dhe-maqedonia-e-veriut-thellojne-bashkepunimin\/"},"modified":"2025-12-22T18:27:48","modified_gmt":"2025-12-22T15:27:48","slug":"policet-nga-kosova-dhe-maqedonia-e-veriut-thellojne-bashkepunimin","status":"publish","type":"post","link":"https:\/\/prizrenpost.com\/al\/policet-nga-kosova-dhe-maqedonia-e-veriut-thellojne-bashkepunimin\/","title":{"rendered":"Polic\u00ebt nga Kosova dhe Maqedonia e Veriut thellojn\u00eb bashk\u00ebpunimin"},"content":{"rendered":"<p><img decoding=\"async\" src=\"https:\/\/prizrenpost.com\/al\/wp-content\/uploads\/2025\/12\/565656-4.jpg\" style=\"width:100%;height:auto;margin-bottom:20px\"\/><\/p>\n<p>P\u00ebrfaq\u00ebsues t\u00eb Sindikat\u00ebs s\u00eb Policis\u00eb s\u00eb Kosov\u00ebs dhe stafit t\u00eb Akademis\u00eb s\u00eb Policis\u00eb realizuan nj\u00eb vizit\u00eb zyrtare n\u00eb Akademin\u00eb e Policis\u00eb s\u00eb Maqedonis\u00eb s\u00eb Veriut.<\/p>\n<p>Q\u00ebllimi i vizit\u00ebs ishte forcimi i bashk\u00ebpunimit profesional dhe sindikal.<\/p>\n<p>Delegacioni, i udh\u00ebhequr nga Edita Azemi dhe p\u00ebrfaq\u00ebsues t\u00eb tjer\u00eb t\u00eb strukturave sindikale e akademike, u prit nga drejtuesit dhe Sindikata e Policis\u00eb s\u00eb Maqedonis\u00eb s\u00eb Veriut. Gjat\u00eb vizit\u00ebs u shk\u00ebmbyen p\u00ebrvoja p\u00ebr trajnimin dhe zhvillimin e zyrtar\u00ebve policor\u00eb.<\/p>\n<p>Pal\u00ebt u zotuan p\u00ebr thellim t\u00eb bashk\u00ebpunimit n\u00eb organizimin e trajnimeve t\u00eb p\u00ebrbashk\u00ebta dhe projekteve profesionale nd\u00ebrkufitare.<\/p>\n<hr style=\"margin:30px 0\"\/>\n<p style=\"font-size:13px;color:#666\">Burimi: <strong>mesazhi.com<\/strong><\/p>\n","protected":false},"excerpt":{"rendered":"<p>P\u00ebrfaq\u00ebsues t\u00eb Sindikat\u00ebs s\u00eb Policis\u00eb s\u00eb Kosov\u00ebs dhe stafit t\u00eb Akademis\u00eb s\u00eb Policis\u00eb realizuan nj\u00eb vizit\u00eb zyrtare n\u00eb Akademin\u00eb e Policis\u00eb s\u00eb Maqedonis\u00eb s\u00eb Veriut. Q\u00ebllimi i vizit\u00ebs ishte forcimi i bashk\u00ebpunimit profesional dhe sindikal. Delegacioni, i udh\u00ebhequr nga Edita Azemi dhe p\u00ebrfaq\u00ebsues t\u00eb tjer\u00eb t\u00eb strukturave sindikale e akademike, u prit nga drejtuesit dhe [&hellip;]<\/p>\n","protected":false},"author":1,"featured_media":86833,"comment_status":"open","ping_status":"open","sticky":false,"template":"","format":"standard","meta":{"footnotes":""},"categories":[15],"tags":[],"class_list":["post-86832","post","type-post","status-publish","format-standard","has-post-thumbnail","hentry","category-ballkan"],"_links":{"self":[{"href":"https:\/\/prizrenpost.com\/al\/wp-json\/wp\/v2\/posts\/86832","targetHints":{"allow":["GET"]}}],"collection":[{"href":"https:\/\/prizrenpost.com\/al\/wp-json\/wp\/v2\/posts"}],"about":[{"href":"https:\/\/prizrenpost.com\/al\/wp-json\/wp\/v2\/types\/post"}],"author":[{"embeddable":true,"href":"https:\/\/prizrenpost.com\/al\/wp-json\/wp\/v2\/users\/1"}],"replies":[{"embeddable":true,"href":"https:\/\/prizrenpost.com\/al\/wp-json\/wp\/v2\/comments?post=86832"}],"version-history":[{"count":1,"href":"https:\/\/prizrenpost.com\/al\/wp-json\/wp\/v2\/posts\/86832\/revisions"}],"predecessor-version":[{"id":86834,"href":"https:\/\/prizrenpost.com\/al\/wp-json\/wp\/v2\/posts\/86832\/revisions\/86834"}],"wp:featuredmedia":[{"embeddable":true,"href":"https:\/\/prizrenpost.com\/al\/wp-json\/wp\/v2\/media\/86833"}],"wp:attachment":[{"href":"https:\/\/prizrenpost.com\/al\/wp-json\/wp\/v2\/media?parent=86832"}],"wp:term":[{"taxonomy":"category","embeddable":true,"href":"https:\/\/prizrenpost.com\/al\/wp-json\/wp\/v2\/categories?post=86832"},{"taxonomy":"post_tag","embeddable":true,"href":"https:\/\/prizrenpost.com\/al\/wp-json\/wp\/v2\/tags?post=86832"}],"curies":[{"name":"wp","href":"https:\/\/api.w.org\/{rel}","templated":true}]}}