{"id":9068,"date":"2014-08-14T02:12:40","date_gmt":"2014-08-14T00:12:40","guid":{"rendered":"http:\/\/prizrenpost.com\/al\/?p=9068"},"modified":"2018-12-09T19:00:01","modified_gmt":"2018-12-09T18:00:01","slug":"pas-gjashte-muajsh-presidenti-i-shba-ve-obama-i-ka-telefonuar-erdoganit-per-ta-uruar-per-fitoren","status":"publish","type":"post","link":"https:\/\/prizrenpost.com\/al\/pas-gjashte-muajsh-presidenti-i-shba-ve-obama-i-ka-telefonuar-erdoganit-per-ta-uruar-per-fitoren\/","title":{"rendered":"Pas gjasht\u00eb muajsh, presidenti i SHBA-ve Obama i ka telefonuar Erdoganit, p\u00ebr ta uruar p\u00ebr fitoren"},"content":{"rendered":"<p><img loading=\"lazy\" decoding=\"async\" src=\"https:\/\/prizrenpost.com\/al\/wp-content\/uploads\/2014\/08\/obama_erdogan.jpg\" alt=\"\" width=\"361\" height=\"282\" class=\"alignleft size-full wp-image-49642\" srcset=\"https:\/\/prizrenpost.com\/al\/wp-content\/uploads\/2014\/08\/obama_erdogan.jpg 361w, https:\/\/prizrenpost.com\/al\/wp-content\/uploads\/2014\/08\/obama_erdogan-300x234.jpg 300w\" sizes=\"auto, (max-width: 361px) 100vw, 361px\" \/><\/p>\n<p><strong>P\u00ebr her\u00eb t\u00eb par\u00eb n\u00eb gjasht\u00eb muaj, presidenti i SHBA&#8217;ve Barack Obama i ka telefonuar Recep Tayyip Erdogan, p\u00ebr ta uruar p\u00ebr fitoren n\u00eb zgjedhjet presidenciale.<\/strong><\/p>\n<p>Telefonata \u00ebsht\u00eb e para q\u00eb nga muaji shkurt, kur t\u00eb dy lider\u00ebt kishin mosmarr\u00ebveshje lidhur me ngjarjet n\u00eb Gaza.<\/p>\n<p>T\u00eb diel\u00ebn, Erdogan u b\u00eb presidenti i par\u00eb i vendit i zgjedhur direkt nga populli, duke fituar me 52 p\u00ebr qind t\u00eb votave.<\/p>\n","protected":false},"excerpt":{"rendered":"<p>P\u00ebr her\u00eb t\u00eb par\u00eb n\u00eb gjasht\u00eb muaj, presidenti i SHBA&#8217;ve Barack Obama i ka telefonuar Recep Tayyip Erdogan, p\u00ebr ta uruar p\u00ebr fitoren n\u00eb zgjedhjet presidenciale. Telefonata \u00ebsht\u00eb e para q\u00eb nga muaji shkurt, kur t\u00eb dy lider\u00ebt kishin mosmarr\u00ebveshje lidhur me ngjarjet n\u00eb Gaza. T\u00eb diel\u00ebn, Erdogan u b\u00eb presidenti i par\u00eb i vendit [&hellip;]<\/p>\n","protected":false},"author":1,"featured_media":49642,"comment_status":"open","ping_status":"open","sticky":false,"template":"","format":"standard","meta":{"footnotes":""},"categories":[1],"tags":[666,1059],"class_list":["post-9068","post","type-post","status-publish","format-standard","has-post-thumbnail","hentry","category-lajme","tag-barack-obama","tag-recep-tayyip-erdogan"],"_links":{"self":[{"href":"https:\/\/prizrenpost.com\/al\/wp-json\/wp\/v2\/posts\/9068","targetHints":{"allow":["GET"]}}],"collection":[{"href":"https:\/\/prizrenpost.com\/al\/wp-json\/wp\/v2\/posts"}],"about":[{"href":"https:\/\/prizrenpost.com\/al\/wp-json\/wp\/v2\/types\/post"}],"author":[{"embeddable":true,"href":"https:\/\/prizrenpost.com\/al\/wp-json\/wp\/v2\/users\/1"}],"replies":[{"embeddable":true,"href":"https:\/\/prizrenpost.com\/al\/wp-json\/wp\/v2\/comments?post=9068"}],"version-history":[{"count":0,"href":"https:\/\/prizrenpost.com\/al\/wp-json\/wp\/v2\/posts\/9068\/revisions"}],"wp:featuredmedia":[{"embeddable":true,"href":"https:\/\/prizrenpost.com\/al\/wp-json\/wp\/v2\/media\/49642"}],"wp:attachment":[{"href":"https:\/\/prizrenpost.com\/al\/wp-json\/wp\/v2\/media?parent=9068"}],"wp:term":[{"taxonomy":"category","embeddable":true,"href":"https:\/\/prizrenpost.com\/al\/wp-json\/wp\/v2\/categories?post=9068"},{"taxonomy":"post_tag","embeddable":true,"href":"https:\/\/prizrenpost.com\/al\/wp-json\/wp\/v2\/tags?post=9068"}],"curies":[{"name":"wp","href":"https:\/\/api.w.org\/{rel}","templated":true}]}}