{"id":90992,"date":"2026-01-05T20:30:09","date_gmt":"2026-01-05T17:30:09","guid":{"rendered":"https:\/\/prizrenpost.com\/al\/ne-pese-ditet-e-para-te-vitit-shtate-te-vdekur-si-pasoje-e-aksidenteve-ne-shqiperi\/"},"modified":"2026-01-05T20:30:11","modified_gmt":"2026-01-05T17:30:11","slug":"ne-pese-ditet-e-para-te-vitit-shtate-te-vdekur-si-pasoje-e-aksidenteve-ne-shqiperi","status":"publish","type":"post","link":"https:\/\/prizrenpost.com\/al\/ne-pese-ditet-e-para-te-vitit-shtate-te-vdekur-si-pasoje-e-aksidenteve-ne-shqiperi\/","title":{"rendered":"N\u00eb pes\u00eb dit\u00ebt e para t\u00eb vitit, shtat\u00eb t\u00eb vdekur si pasoj\u00eb e aksidenteve n\u00eb Shqip\u00ebri"},"content":{"rendered":"<p><img decoding=\"async\" src=\"https:\/\/prizrenpost.com\/al\/wp-content\/uploads\/2025\/12\/prizrenpostiii.png\" style=\"width:100%;height:auto;margin-bottom:20px\"\/><\/p>\n<p>Viti 2026 ka nisur me nj\u00eb num\u00ebr t\u00eb lart\u00eb t\u00eb aksidenteve n\u00eb rrug\u00ebt e Shqip\u00ebris\u00eb.<\/p>\n<p>Vet\u00ebm n\u00eb 5 dit\u00eb, kan\u00eb humbur jet\u00ebn 7 qytetar\u00eb. Prej t\u00eb enjtes deri k\u00ebt\u00eb t\u00eb h\u00ebn\u00eb jan\u00eb shkaktuar n\u00eb total 20 aksidente rrugore.<\/p>\n<p>Ngjarja m\u00eb e r\u00ebnd\u00eb u regjistrua tre or\u00eb pas nd\u00ebrrimit t\u00eb viteve, n\u00eb aksin rrugor Gjirokast\u00ebr\u2013Tepelen\u00eb, ku humb\u00ebn jet\u00ebn tre t\u00eb rinj, t\u00eb cil\u00ebt po udh\u00ebtonin me nj\u00eb automjet tip Volks\u00ebagen. Si pasoj\u00eb e aksidentit mbeti e plagosur r\u00ebnd\u00eb edhe nj\u00eb vajz\u00eb 19-vje\u00e7are.<\/p>\n<p>Nj\u00eb dit\u00eb m\u00eb von\u00eb, m\u00eb 2 janar, n\u00eb or\u00ebt e para t\u00eb m\u00ebngjesit, nj\u00eb tjet\u00ebr aksident u regjistrua n\u00eb aksin rrugor \u201cLezh\u00eb\u2013Milot\u201d, n\u00eb vendin e quajtur Gocaj. N\u00eb k\u00ebt\u00eb aksident humb\u00ebn jet\u00ebn burr\u00eb e grua, si dhe u plagos\u00ebn tre persona t\u00eb tjer\u00eb, t\u00eb cil\u00ebt udh\u00ebtonin n\u00eb mjetin tjet\u00ebr.<\/p>\n<p>Nj\u00eb dit\u00eb m\u00eb pas, t\u00eb shtun\u00ebn e 3 janarit, autobusi i linj\u00ebs s\u00eb Krrab\u00ebsit p\u00ebrplasi nj\u00eb 46-vje\u00e7ar, i cili po kalonte n\u00eb an\u00eb t\u00eb rrug\u00ebs. Aksidenti ndodhi pran\u00eb vendit t\u00eb quajtur Ura e Peshkatarit. Shoferi i autobusit u arrestua nga policia.<\/p>\n<p>Edhe t\u00eb diel\u00ebn humbi jet\u00ebn nj\u00eb k\u00ebmb\u00ebsor tjet\u00ebr, nj\u00eb 68-vje\u00e7ar. N\u00eb rrug\u00ebn e re t\u00eb portit n\u00eb Durr\u00ebs, ai u p\u00ebrplas nga nj\u00eb automjet q\u00eb drejtohej nga nj\u00eb 28-vje\u00e7ar.<\/p>\n<p>T\u00eb dh\u00ebnat tregojn\u00eb p\u00ebr rritje t\u00eb numrit t\u00eb aksidenteve n\u00eb dit\u00ebt e para t\u00eb vitit, pasi gjat\u00eb jav\u00ebs s\u00eb par\u00eb t\u00eb janarit t\u00eb vitit 2025 u sh\u00ebnuan 3 aksidente t\u00eb r\u00ebnda, me pasoj\u00eb vdekjen e 4 qytetar\u00ebve.<\/p>\n<hr style=\"margin:30px 0\"\/>\n<p style=\"font-size:13px;color:#666\">Burimi: <strong>mesazhi<\/strong><\/p>\n","protected":false},"excerpt":{"rendered":"<p>Viti 2026 ka nisur me nj\u00eb num\u00ebr t\u00eb lart\u00eb t\u00eb aksidenteve n\u00eb rrug\u00ebt e Shqip\u00ebris\u00eb. Vet\u00ebm n\u00eb 5 dit\u00eb, kan\u00eb humbur jet\u00ebn 7 qytetar\u00eb. Prej t\u00eb enjtes deri k\u00ebt\u00eb t\u00eb h\u00ebn\u00eb jan\u00eb shkaktuar n\u00eb total 20 aksidente rrugore. Ngjarja m\u00eb e r\u00ebnd\u00eb u regjistrua tre or\u00eb pas nd\u00ebrrimit t\u00eb viteve, n\u00eb aksin rrugor Gjirokast\u00ebr\u2013Tepelen\u00eb, ku [&hellip;]<\/p>\n","protected":false},"author":1,"featured_media":86071,"comment_status":"open","ping_status":"open","sticky":false,"template":"","format":"standard","meta":{"footnotes":""},"categories":[15],"tags":[],"class_list":["post-90992","post","type-post","status-publish","format-standard","has-post-thumbnail","hentry","category-ballkan"],"_links":{"self":[{"href":"https:\/\/prizrenpost.com\/al\/wp-json\/wp\/v2\/posts\/90992","targetHints":{"allow":["GET"]}}],"collection":[{"href":"https:\/\/prizrenpost.com\/al\/wp-json\/wp\/v2\/posts"}],"about":[{"href":"https:\/\/prizrenpost.com\/al\/wp-json\/wp\/v2\/types\/post"}],"author":[{"embeddable":true,"href":"https:\/\/prizrenpost.com\/al\/wp-json\/wp\/v2\/users\/1"}],"replies":[{"embeddable":true,"href":"https:\/\/prizrenpost.com\/al\/wp-json\/wp\/v2\/comments?post=90992"}],"version-history":[{"count":1,"href":"https:\/\/prizrenpost.com\/al\/wp-json\/wp\/v2\/posts\/90992\/revisions"}],"predecessor-version":[{"id":90993,"href":"https:\/\/prizrenpost.com\/al\/wp-json\/wp\/v2\/posts\/90992\/revisions\/90993"}],"wp:featuredmedia":[{"embeddable":true,"href":"https:\/\/prizrenpost.com\/al\/wp-json\/wp\/v2\/media\/86071"}],"wp:attachment":[{"href":"https:\/\/prizrenpost.com\/al\/wp-json\/wp\/v2\/media?parent=90992"}],"wp:term":[{"taxonomy":"category","embeddable":true,"href":"https:\/\/prizrenpost.com\/al\/wp-json\/wp\/v2\/categories?post=90992"},{"taxonomy":"post_tag","embeddable":true,"href":"https:\/\/prizrenpost.com\/al\/wp-json\/wp\/v2\/tags?post=90992"}],"curies":[{"name":"wp","href":"https:\/\/api.w.org\/{rel}","templated":true}]}}