{"id":91474,"date":"2026-01-07T18:00:05","date_gmt":"2026-01-07T15:00:05","guid":{"rendered":"https:\/\/prizrenpost.com\/al\/situata-ne-shqiperi-nga-vershimet-kritike-me-e-goditura-gjirokastra\/"},"modified":"2026-01-07T18:00:05","modified_gmt":"2026-01-07T15:00:05","slug":"situata-ne-shqiperi-nga-vershimet-kritike-me-e-goditura-gjirokastra","status":"publish","type":"post","link":"https:\/\/prizrenpost.com\/al\/situata-ne-shqiperi-nga-vershimet-kritike-me-e-goditura-gjirokastra\/","title":{"rendered":"Situata n\u00eb Shqip\u00ebri nga v\u00ebrshimet kritike, m\u00eb e goditura Gjirokastra"},"content":{"rendered":"<p><img decoding=\"async\" src=\"https:\/\/prizrenpost.com\/al\/wp-content\/uploads\/2025\/12\/prizrenpostiii.png\" style=\"width:100%;height:auto;margin-bottom:20px\"\/><\/p>\n<p>N\u00eb Shqip\u00ebri situata nga p\u00ebrmbytjet mbet\u00ebt kritike.<\/p>\n<p>M\u00eb e goditura nga p\u00ebrmbytjet \u00ebsht\u00eb Gjirokastra. 70 biznese, shum\u00eb sht\u00ebpi dhe automjete jan\u00eb shkat\u00ebrruar n\u00eb lagjen \u201c18 shtatori\u201d. Pamjet gati apokaliptike me masive inertesh dhe gur\u00ebsh n\u00eb rrug\u00eb e dyqane jan\u00eb pasoj\u00eb e v\u00ebrshimeve masive t\u00eb lumenjve dhe p\u00ebrrenjve.<\/p>\n<p>T\u00eb pakt\u00ebn 800 banesa t\u00eb p\u00ebrmbytura dhe 304 persona t\u00eb evakuuar, \u00ebsht\u00eb bilanci paraprak i p\u00ebrmbytjeve n\u00eb Durr\u00ebs.<\/p>\n<p>Nj\u00eb dit\u00eb pas reshjeve t\u00eb dendura t\u00eb shiut, situata n\u00eb Durr\u00ebs duket m\u00eb e qet\u00eb, por mbetet problematike gjendja n\u00eb disa zona t\u00eb qytetit, kryesisht n\u00eb periferi. Edhe n\u00eb burgun e Durr\u00ebsit situata mbetet problematike. Oborri dhe kati i par\u00eb i godin\u00ebs ka prani t\u00eb lart\u00eb uji. M\u00ebsimi nuk po zhvillohet as sot n\u00eb disa shkolla oborret e t\u00eb cilave jan\u00eb n\u00ebn uj\u00eb.<\/p>\n<p>Gjat\u00eb nat\u00ebs n\u00eb Lezh\u00eb pati m\u00eb pak reshje, por sot situata paraqitet m\u00eb problematike n\u00eb La\u00e7. Disa familje jan\u00eb evakuar dhe shum\u00eb sht\u00ebpi jan\u00eb t\u00eb rrethuara nga uji.<\/p>\n<p>Niveli i lumit Vjosa ka arritur n\u00eb 7.2 metra mbi nivelin e detit dhe po i afrohet pik\u00ebs kritike. Raportohet t\u00eb ket\u00eb dal\u00eb nga shtrati n\u00eb zon\u00ebn e pazarit pran\u00eb ur\u00ebs s\u00eb Mifolit.<\/p>\n<p>Situata paraqitet mjaft e r\u00ebnd\u00eb n\u00eb disa zona t\u00eb thella t\u00eb Bashkis\u00eb Kuk\u00ebs, ku nj\u00eb num\u00ebr i madh fshatrash vijojn\u00eb t\u00eb jen\u00eb t\u00eb bllokuara si pasoj\u00eb e motit t\u00eb keq dhe rr\u00ebshqitjeve masive t\u00eb dherave. Gjendja m\u00eb serioze raportohet n\u00eb nj\u00ebsin\u00eb administrative Zapot, ku t\u00eb tre rrug\u00ebt q\u00eb lidhin k\u00ebt\u00eb zon\u00eb me qytetin e Kuk\u00ebsit jan\u00eb bllokuar plot\u00ebsisht.\/TCH\/<\/p>\n<hr style=\"margin:30px 0\"\/>\n<p style=\"font-size:13px;color:#666\">Burimi: <strong>mesazhi<\/strong><\/p>\n","protected":false},"excerpt":{"rendered":"<p>N\u00eb Shqip\u00ebri situata nga p\u00ebrmbytjet mbet\u00ebt kritike. M\u00eb e goditura nga p\u00ebrmbytjet \u00ebsht\u00eb Gjirokastra. 70 biznese, shum\u00eb sht\u00ebpi dhe automjete jan\u00eb shkat\u00ebrruar n\u00eb lagjen \u201c18 shtatori\u201d. Pamjet gati apokaliptike me masive inertesh dhe gur\u00ebsh n\u00eb rrug\u00eb e dyqane jan\u00eb pasoj\u00eb e v\u00ebrshimeve masive t\u00eb lumenjve dhe p\u00ebrrenjve. T\u00eb pakt\u00ebn 800 banesa t\u00eb p\u00ebrmbytura dhe 304 [&hellip;]<\/p>\n","protected":false},"author":1,"featured_media":86071,"comment_status":"open","ping_status":"open","sticky":false,"template":"","format":"standard","meta":{"footnotes":""},"categories":[15],"tags":[],"class_list":["post-91474","post","type-post","status-publish","format-standard","has-post-thumbnail","hentry","category-ballkan"],"_links":{"self":[{"href":"https:\/\/prizrenpost.com\/al\/wp-json\/wp\/v2\/posts\/91474","targetHints":{"allow":["GET"]}}],"collection":[{"href":"https:\/\/prizrenpost.com\/al\/wp-json\/wp\/v2\/posts"}],"about":[{"href":"https:\/\/prizrenpost.com\/al\/wp-json\/wp\/v2\/types\/post"}],"author":[{"embeddable":true,"href":"https:\/\/prizrenpost.com\/al\/wp-json\/wp\/v2\/users\/1"}],"replies":[{"embeddable":true,"href":"https:\/\/prizrenpost.com\/al\/wp-json\/wp\/v2\/comments?post=91474"}],"version-history":[{"count":1,"href":"https:\/\/prizrenpost.com\/al\/wp-json\/wp\/v2\/posts\/91474\/revisions"}],"predecessor-version":[{"id":91475,"href":"https:\/\/prizrenpost.com\/al\/wp-json\/wp\/v2\/posts\/91474\/revisions\/91475"}],"wp:featuredmedia":[{"embeddable":true,"href":"https:\/\/prizrenpost.com\/al\/wp-json\/wp\/v2\/media\/86071"}],"wp:attachment":[{"href":"https:\/\/prizrenpost.com\/al\/wp-json\/wp\/v2\/media?parent=91474"}],"wp:term":[{"taxonomy":"category","embeddable":true,"href":"https:\/\/prizrenpost.com\/al\/wp-json\/wp\/v2\/categories?post=91474"},{"taxonomy":"post_tag","embeddable":true,"href":"https:\/\/prizrenpost.com\/al\/wp-json\/wp\/v2\/tags?post=91474"}],"curies":[{"name":"wp","href":"https:\/\/api.w.org\/{rel}","templated":true}]}}