{"id":92428,"date":"2026-01-11T14:35:04","date_gmt":"2026-01-11T11:35:04","guid":{"rendered":"https:\/\/prizrenpost.com\/al\/lumi-vjosa-del-serish-nga-shtrati-rrezik-rritjeje-ne-vijim\/"},"modified":"2026-01-11T14:35:05","modified_gmt":"2026-01-11T11:35:05","slug":"lumi-vjosa-del-serish-nga-shtrati-rrezik-rritjeje-ne-vijim","status":"publish","type":"post","link":"https:\/\/prizrenpost.com\/al\/lumi-vjosa-del-serish-nga-shtrati-rrezik-rritjeje-ne-vijim\/","title":{"rendered":"Lumi Vjosa del s\u00ebrish nga shtrati, rrezik rritjeje n\u00eb vijim"},"content":{"rendered":"<p><img decoding=\"async\" src=\"https:\/\/prizrenpost.com\/al\/wp-content\/uploads\/2025\/12\/prizrenpostiii.png\" style=\"width:100%;height:auto;margin-bottom:20px\"\/><\/p>\n<p>Lumi Vjosa ka dal\u00eb s\u00ebrish nga shtrati pran\u00eb Ur\u00ebs s\u00eb Mifolit.<\/p>\n<p>Niveli i ujit ka shkuar n\u00eb 7.45 metra, duke sjell\u00eb p\u00ebrs\u00ebri p\u00ebrmbytjen e tregut t\u00eb Mifolit, shkruan Euronewsal.<\/p>\n<p>Prurjet vijojn\u00eb me intensitet t\u00eb lart\u00eb, nd\u00ebrsa n\u00eb zon\u00ebn e Memaliajt niveli i ujit ka arritur n\u00eb 7 metra. Kjo situat\u00eb paralajm\u00ebron nj\u00eb rritje t\u00eb m\u00ebtejshme t\u00eb nivelit t\u00eb Vjos\u00ebs.<\/p>\n<p>Autoritetet jan\u00eb n\u00eb monitorim t\u00eb vazhduesh\u00ebm t\u00eb situat\u00ebs, nd\u00ebrsa banor\u00ebt n\u00eb zonat pran\u00eb shtratit t\u00eb lumit jan\u00eb n\u00eb gatishm\u00ebri p\u00ebr marrjen e masave parandaluese.<\/p>\n<hr style=\"margin:30px 0\"\/>\n<p style=\"font-size:13px;color:#666\">Burimi: <strong>mesazhi<\/strong><\/p>\n","protected":false},"excerpt":{"rendered":"<p>Lumi Vjosa ka dal\u00eb s\u00ebrish nga shtrati pran\u00eb Ur\u00ebs s\u00eb Mifolit. Niveli i ujit ka shkuar n\u00eb 7.45 metra, duke sjell\u00eb p\u00ebrs\u00ebri p\u00ebrmbytjen e tregut t\u00eb Mifolit, shkruan Euronewsal. Prurjet vijojn\u00eb me intensitet t\u00eb lart\u00eb, nd\u00ebrsa n\u00eb zon\u00ebn e Memaliajt niveli i ujit ka arritur n\u00eb 7 metra. Kjo situat\u00eb paralajm\u00ebron nj\u00eb rritje t\u00eb m\u00ebtejshme [&hellip;]<\/p>\n","protected":false},"author":1,"featured_media":86071,"comment_status":"open","ping_status":"open","sticky":false,"template":"","format":"standard","meta":{"footnotes":""},"categories":[15],"tags":[],"class_list":["post-92428","post","type-post","status-publish","format-standard","has-post-thumbnail","hentry","category-ballkan"],"_links":{"self":[{"href":"https:\/\/prizrenpost.com\/al\/wp-json\/wp\/v2\/posts\/92428","targetHints":{"allow":["GET"]}}],"collection":[{"href":"https:\/\/prizrenpost.com\/al\/wp-json\/wp\/v2\/posts"}],"about":[{"href":"https:\/\/prizrenpost.com\/al\/wp-json\/wp\/v2\/types\/post"}],"author":[{"embeddable":true,"href":"https:\/\/prizrenpost.com\/al\/wp-json\/wp\/v2\/users\/1"}],"replies":[{"embeddable":true,"href":"https:\/\/prizrenpost.com\/al\/wp-json\/wp\/v2\/comments?post=92428"}],"version-history":[{"count":1,"href":"https:\/\/prizrenpost.com\/al\/wp-json\/wp\/v2\/posts\/92428\/revisions"}],"predecessor-version":[{"id":92429,"href":"https:\/\/prizrenpost.com\/al\/wp-json\/wp\/v2\/posts\/92428\/revisions\/92429"}],"wp:featuredmedia":[{"embeddable":true,"href":"https:\/\/prizrenpost.com\/al\/wp-json\/wp\/v2\/media\/86071"}],"wp:attachment":[{"href":"https:\/\/prizrenpost.com\/al\/wp-json\/wp\/v2\/media?parent=92428"}],"wp:term":[{"taxonomy":"category","embeddable":true,"href":"https:\/\/prizrenpost.com\/al\/wp-json\/wp\/v2\/categories?post=92428"},{"taxonomy":"post_tag","embeddable":true,"href":"https:\/\/prizrenpost.com\/al\/wp-json\/wp\/v2\/tags?post=92428"}],"curies":[{"name":"wp","href":"https:\/\/api.w.org\/{rel}","templated":true}]}}