{"id":96844,"date":"2026-02-05T00:40:11","date_gmt":"2026-02-04T21:40:11","guid":{"rendered":"https:\/\/prizrenpost.com\/al\/kryqi-i-kuq-i-indinjuar-nga-vrasja-e-nje-ndihmesi-mjekesor-palestinez-ne-gaza\/"},"modified":"2026-02-05T00:40:11","modified_gmt":"2026-02-04T21:40:11","slug":"kryqi-i-kuq-i-indinjuar-nga-vrasja-e-nje-ndihmesi-mjekesor-palestinez-ne-gaza","status":"publish","type":"post","link":"https:\/\/prizrenpost.com\/al\/kryqi-i-kuq-i-indinjuar-nga-vrasja-e-nje-ndihmesi-mjekesor-palestinez-ne-gaza\/","title":{"rendered":"Kryqi i Kuq i \u201cindinjuar\u201d nga vrasja e nj\u00eb ndihm\u00ebsi mjek\u00ebsor palestinez n\u00eb Gaza"},"content":{"rendered":"<figure class=\"post-featured-image\"><img decoding=\"async\" src=\"https:\/\/prizrenpost.com\/al\/wp-content\/uploads\/2026\/02\/thumbs_b_c_51eecf6850f50711e58474c80c937585.jpg\" alt=\"Kryqi i Kuq i \u201cindinjuar\u201d nga vrasja e nj\u00eb ndihm\u00ebsi mjek\u00ebsor palestinez n\u00eb Gaza\"\/><\/figure>\n<p>Federata Nd\u00ebrkomb\u00ebtare e Shoqatave t\u00eb Kryqit t\u00eb Kuq dhe Gjysm\u00ebh\u00ebn\u00ebs s\u00eb Kuqe (IFRC) \u00ebsht\u00eb shprehur e \u201cindinjuar\u201d nga vrasja e nj\u00eb ndihm\u00ebs mjek\u00ebsor\u200b\u200b\u200b\u200b\u200b\u200b\u200b palestinez gjat\u00eb nj\u00eb misioni humanitar n\u00eb Gaz\u00ebn jugore, duke e cil\u00ebsuar k\u00ebt\u00eb vdekje si shkelje t\u00eb mbrojtjes q\u00eb u garantohet punonj\u00ebsve mjek\u00ebsor\u00eb dhe humanitar\u00eb, transmeton Anadolu.<\/p>\n<p>Organizata tha se Hussein Hassan Hussein Al-Samiri, nj\u00eb ndihm\u00ebs mjek\u00ebsor i Shoqat\u00ebs s\u00eb Gjysm\u00ebh\u00ebn\u00ebs s\u00eb Kuqe Palestineze (PRCS), u vra sot teksa kryente detyra p\u00ebr shp\u00ebtimin e jet\u00ebve n\u00eb Khan Younis gjat\u00eb nj\u00eb sulmi n\u00eb zon\u00ebn Al-Mawasi.<\/p>\n<p>Duke shprehur ngush\u00ebllime p\u00ebr familjen, miqt\u00eb dhe koleg\u00ebt e tij, IFRC shprehu \u201csolidaritet t\u00eb plot\u00eb\u201d me PRCS-n\u00eb.<\/p>\n<p>\u201cPunonj\u00ebsit humanitar\u00eb dhe personeli mjek\u00ebsor duhet t\u00eb respektohen dhe t\u00eb mbrohen n\u00eb \u00e7do koh\u00eb, p\u00ebr t\u00eb siguruar q\u00eb ndihma shp\u00ebtuese t\u00eb arrij\u00eb te njer\u00ebzit n\u00eb nevoj\u00eb\u201d, thuhet n\u00eb deklarat\u00eb.<\/p>\n<p>Federata theksoi se emblemat e Kryqit t\u00eb Kuq dhe Gjysm\u00ebh\u00ebn\u00ebs s\u00eb Kuqe jan\u00eb \u201csimbole t\u00eb mbrojtjes, humanizmit, neutralitetit dhe shpres\u00ebs\u201d, megjithat\u00eb stafi dhe vullnetar\u00ebt \u201cshum\u00eb shpesh\u201d vriten gjat\u00eb kryerjes s\u00eb pun\u00ebs emergjente.<\/p>\n<p>\u201cHumbja e Hussein-it \u00ebsht\u00eb nj\u00eb kujtes\u00eb tragjike e rreziqeve me t\u00eb cilat p\u00ebrballen ata q\u00eb ia kushtojn\u00eb jet\u00ebn ndihm\u00ebs ndaj t\u00eb tjer\u00ebve\u201d, tha IFRC, duke e quajtur mbrojtjen e civil\u00ebve, punonj\u00ebsve humanitar\u00eb dhe personelit mjek\u00ebsor \u201cnj\u00eb detyrim ligjor dhe moral\u201d.<\/p>\n<p>Sipas federat\u00ebs, kjo vdekje e fundit e \u00e7on n\u00eb 30 numrin e stafit dhe vullnetar\u00ebve t\u00eb PRCS-s\u00eb t\u00eb vrar\u00eb gjat\u00eb kryerjes s\u00eb detyr\u00ebs n\u00eb Gaza dhe dy n\u00eb Bregun Per\u00ebndimor q\u00eb nga tetori i vitit 2023.<\/p>\n<hr style=\"margin:30px 0\"\/>\n<p style=\"font-size:13px;color:#666\">Burimi: <strong>mesazhi<\/strong><\/p>\n","protected":false},"excerpt":{"rendered":"<p>Federata Nd\u00ebrkomb\u00ebtare e Shoqatave t\u00eb Kryqit t\u00eb Kuq dhe Gjysm\u00ebh\u00ebn\u00ebs s\u00eb Kuqe (IFRC) \u00ebsht\u00eb shprehur e \u201cindinjuar\u201d nga vrasja e nj\u00eb ndihm\u00ebs mjek\u00ebsor\u200b\u200b\u200b\u200b\u200b\u200b\u200b palestinez gjat\u00eb nj\u00eb misioni humanitar n\u00eb Gaz\u00ebn jugore, duke e cil\u00ebsuar k\u00ebt\u00eb vdekje si shkelje t\u00eb mbrojtjes q\u00eb u garantohet punonj\u00ebsve mjek\u00ebsor\u00eb dhe humanitar\u00eb, transmeton Anadolu. Organizata tha se Hussein Hassan Hussein [&hellip;]<\/p>\n","protected":false},"author":1,"featured_media":96843,"comment_status":"open","ping_status":"open","sticky":false,"template":"","format":"standard","meta":{"footnotes":""},"categories":[24],"tags":[3803],"class_list":["post-96844","post","type-post","status-publish","format-standard","has-post-thumbnail","hentry","category-bote","tag-aktuale"],"_links":{"self":[{"href":"https:\/\/prizrenpost.com\/al\/wp-json\/wp\/v2\/posts\/96844","targetHints":{"allow":["GET"]}}],"collection":[{"href":"https:\/\/prizrenpost.com\/al\/wp-json\/wp\/v2\/posts"}],"about":[{"href":"https:\/\/prizrenpost.com\/al\/wp-json\/wp\/v2\/types\/post"}],"author":[{"embeddable":true,"href":"https:\/\/prizrenpost.com\/al\/wp-json\/wp\/v2\/users\/1"}],"replies":[{"embeddable":true,"href":"https:\/\/prizrenpost.com\/al\/wp-json\/wp\/v2\/comments?post=96844"}],"version-history":[{"count":0,"href":"https:\/\/prizrenpost.com\/al\/wp-json\/wp\/v2\/posts\/96844\/revisions"}],"wp:featuredmedia":[{"embeddable":true,"href":"https:\/\/prizrenpost.com\/al\/wp-json\/wp\/v2\/media\/96843"}],"wp:attachment":[{"href":"https:\/\/prizrenpost.com\/al\/wp-json\/wp\/v2\/media?parent=96844"}],"wp:term":[{"taxonomy":"category","embeddable":true,"href":"https:\/\/prizrenpost.com\/al\/wp-json\/wp\/v2\/categories?post=96844"},{"taxonomy":"post_tag","embeddable":true,"href":"https:\/\/prizrenpost.com\/al\/wp-json\/wp\/v2\/tags?post=96844"}],"curies":[{"name":"wp","href":"https:\/\/api.w.org\/{rel}","templated":true}]}}