{"id":22160,"date":"2026-03-10T19:40:17","date_gmt":"2026-03-10T18:40:17","guid":{"rendered":"https:\/\/prizrenpost.com\/ba\/njemacka-kancelarka-poziva-izrael-da-odustane-od-planova-za-aneksiju-zapadne-obale\/"},"modified":"2026-03-10T19:40:18","modified_gmt":"2026-03-10T18:40:18","slug":"njemacka-kancelarka-poziva-izrael-da-odustane-od-planova-za-aneksiju-zapadne-obale","status":"publish","type":"post","link":"https:\/\/prizrenpost.com\/ba\/njemacka-kancelarka-poziva-izrael-da-odustane-od-planova-za-aneksiju-zapadne-obale\/","title":{"rendered":"Njema\u010dka kancelarka poziva Izrael da odustane od planova za aneksiju Zapadne obale"},"content":{"rendered":"<p><img decoding=\"async\" src=\"https:\/\/prizrenpost.com\/ba\/wp-content\/uploads\/merz-2.jpg\" style=\"width:100%;height:auto;margin-bottom:20px\"><\/p>\n<p>Njema\u010dki kancelar Friedrich Merz pozvao je u utorak Izrael da odustane od planova za aneksiju Zapadne obale, upozoravaju\u0107i da bi taj potez potkopao napore za postizanje politi\u010dkog rje\u0161enja izraelsko-palestinskog sukoba, prenosi Anadolu.<\/p>\n<p>Govore\u0107i na konferenciji za novinare u Berlinu, Merz je izrazio duboku zabrinutost zbog nedavnih poku\u0161aja rasta Izraela na Zapadnoj obali, uklju\u010duju\u0107i i nastavak kontrole Zapadne obale na pro\u0161irenje Izraela na pro\u0161irenje Izraela. naselja. nezakonito.<\/p>\n<p>&#8220;\u017delim da ovo bude vrlo jasno: mjere aneksije o kojima se raspravlja u Kudsu dodatno \u0107e zakomplikovati rje\u0161enje o dvije dr\u017eave. Njema\u010dka vlada hitno poziva na izbjegavanje takvih koraka u vezi s takozvanom teritorijom E1. To \u0107e biti te\u0161ka gre\u0161ka&#8221;, rekao je Merz.<\/p>\n<p>Merz je dodao da \u0107e Merz, na njegov zahtjev, otputovati ministru za Izrael, Fordepheulpha Johannu Waizeu, na njegov zahtjev. poziciju Berlina i podr\u0161ku promjenama politike.<\/p>\n<p>&#8220;Od su\u0161tinskog je zna\u010daja da mi Evropljani zajedno prenesemo ovu poruku&#8221;, naglasila je njema\u010dka kancelarka.<\/p>\n<p>Koristimo kola\u010di\u0107e za pobolj\u0161anje iskustva i prikazivanje reklama (Google AdSense).<br \/>\n          Klikom na &#8220;Prihvati&#8221;, pristajete na kori\u0161tenje kola\u010di\u0107a u skladu sa<br \/>\n          Politika privatnosti<br \/>\n          i<br \/>\n          Politika kola\u010di\u0107a.<br \/>\n          Nepotrebne kola\u010di\u0107e mo\u017eete odbiti klikom na &#8220;Odbij&#8221;.<\/p>\n<hr style=\"margin:30px 0\">\n<p style=\"font-size:13px;color:#666\">Izvor: <strong>prizrenpost<\/strong><\/p>\n","protected":false},"excerpt":{"rendered":"<p>Njema\u010dki kancelar Friedrich Merz pozvao je u utorak Izrael da odustane od planova za aneksiju Zapadne obale, upozoravaju\u0107i da bi taj potez potkopao napore za postizanje politi\u010dkog rje\u0161enja izraelsko-palestinskog sukoba, prenosi Anadolu. Govore\u0107i na konferenciji za novinare u Berlinu, Merz je izrazio duboku zabrinutost zbog nedavnih poku\u0161aja rasta Izraela na Zapadnoj obali, uklju\u010duju\u0107i i nastavak [&hellip;]<\/p>\n","protected":false},"author":1,"featured_media":22161,"comment_status":"open","ping_status":"open","sticky":false,"template":"","format":"standard","meta":{"footnotes":""},"categories":[24],"tags":[456],"class_list":["post-22160","post","type-post","status-publish","format-standard","has-post-thumbnail","hentry","category-svijet","tag-aktualnost"],"views":34,"_links":{"self":[{"href":"https:\/\/prizrenpost.com\/ba\/wp-json\/wp\/v2\/posts\/22160","targetHints":{"allow":["GET"]}}],"collection":[{"href":"https:\/\/prizrenpost.com\/ba\/wp-json\/wp\/v2\/posts"}],"about":[{"href":"https:\/\/prizrenpost.com\/ba\/wp-json\/wp\/v2\/types\/post"}],"author":[{"embeddable":true,"href":"https:\/\/prizrenpost.com\/ba\/wp-json\/wp\/v2\/users\/1"}],"replies":[{"embeddable":true,"href":"https:\/\/prizrenpost.com\/ba\/wp-json\/wp\/v2\/comments?post=22160"}],"version-history":[{"count":1,"href":"https:\/\/prizrenpost.com\/ba\/wp-json\/wp\/v2\/posts\/22160\/revisions"}],"predecessor-version":[{"id":22162,"href":"https:\/\/prizrenpost.com\/ba\/wp-json\/wp\/v2\/posts\/22160\/revisions\/22162"}],"wp:featuredmedia":[{"embeddable":true,"href":"https:\/\/prizrenpost.com\/ba\/wp-json\/wp\/v2\/media\/22161"}],"wp:attachment":[{"href":"https:\/\/prizrenpost.com\/ba\/wp-json\/wp\/v2\/media?parent=22160"}],"wp:term":[{"taxonomy":"category","embeddable":true,"href":"https:\/\/prizrenpost.com\/ba\/wp-json\/wp\/v2\/categories?post=22160"},{"taxonomy":"post_tag","embeddable":true,"href":"https:\/\/prizrenpost.com\/ba\/wp-json\/wp\/v2\/tags?post=22160"}],"curies":[{"name":"wp","href":"https:\/\/api.w.org\/{rel}","templated":true}]}}