{"id":22570,"date":"2026-03-12T13:00:07","date_gmt":"2026-03-12T12:00:07","guid":{"rendered":"https:\/\/prizrenpost.com\/ba\/ramina-poruka-vucicu-ako-je-kosovo-pogodjeno-pogodjena-je-i-albanija\/"},"modified":"2026-03-12T13:00:08","modified_gmt":"2026-03-12T12:00:08","slug":"ramina-poruka-vucicu-ako-je-kosovo-pogodjeno-pogodjena-je-i-albanija","status":"publish","type":"post","link":"https:\/\/prizrenpost.com\/ba\/ramina-poruka-vucicu-ako-je-kosovo-pogodjeno-pogodjena-je-i-albanija\/","title":{"rendered":"Ramina poruka Vu\u010di\u0107u: Ako je Kosovo pogo\u0111eno, pogo\u0111ena je i Albanija"},"content":{"rendered":"<p><img decoding=\"async\" src=\"https:\/\/prizrenpost.com\/ba\/wp-content\/uploads\/Edi-Rama-600x360-1-1.png\" style=\"width:100%;height:auto;margin-bottom:20px\"><\/p>\n<p>Premijer Albanije, Edi Rama, potvrdio je sna\u017enu podr\u0161ku Albanije Kosovu i naglasio da se njena nezavisnost ne mo\u017ee vratiti nazad.<\/p>\n<p>\u201eKosovo je nezavisno; to je republika\u201c, rekao je on u intervjuu za \u201eTurkiye Today\u201c.<\/p>\n<p>Rama je tako\u0111e upozorio da bi svaka egzistencijalna pretnja Kosovu tako\u0111e uticala na postojanje bilo kakve opasnosti za Kosovo.<\/p>\n<p> pogo\u0111ena je, pogo\u0111ena je Albanija&#8221;, dodao je albanski premijer.<\/p>\n<p>&#8220;Ako je Kosovo pod egzistencijalnom pretnjom, i Albanija je pod egzistencijalnom pretnjom.<\/p>\n<p>Me\u0111utim, govore\u0107i o blokiranom dijalogu izme\u0111u Pri\u0161tine i Beograda uz posredovanje Evropske unije, \u0161ef albanske vlade je priznao da je njegova ta\u010dka gledi\u0161ta od Tibinskog premijera Kosova i kosovskog premijera prirodno da se razlikuje od kosovskog premijera Albin Kurtijan&#8221;. vo\u0111stvo u Pri\u0161tini.<\/p>\n<p>\u201eJa sam u Tirani, ne u Pri\u0161tini. Bio sam svjedok krvavog rata koji je dezintegrirao biv\u0161u Jugoslaviju, koji je na Kosovo donio bijes nacionalsocijalisti\u010dke ma\u0161inerije smrti i uni\u0161tenja&#8221;, dodao je Rama.<\/p>\n<p>&#8220;Sje\u0107anja na taj trenutak, rane i no\u0107ne more su jo\u0161 uvijek prisutna tamo, a ne toliko prisutna ovdje. To je razlika koju uvijek moram imati na umu kada stvari vidim druga\u010dije od ovdje\u201d, rekao je premijer Albanije.<\/p>\n<p>Koristimo kola\u010di\u0107e za pobolj\u0161anje iskustva i za prikazivanje oglasa (Google AdSense).<br \/>\n          Klikom na &#8220;Prihvati&#8221;, pristajete na kori\u0161tenje kola\u010di\u0107a u skladu sa<br \/>\n          Politika privatnosti<br \/>\n          i<br \/>\n          Politika kola\u010di\u0107a.<br \/>\n          Nepotrebne kola\u010di\u0107e mo\u017eete odbiti klikom na &#8220;Odbij&#8221;.<\/p>\n<hr style=\"margin:30px 0\">\n<p style=\"font-size:13px;color:#666\">Izvor: <strong>prizrenpost<\/strong><\/p>\n","protected":false},"excerpt":{"rendered":"<p>Premijer Albanije, Edi Rama, potvrdio je sna\u017enu podr\u0161ku Albanije Kosovu i naglasio da se njena nezavisnost ne mo\u017ee vratiti nazad. \u201eKosovo je nezavisno; to je republika\u201c, rekao je on u intervjuu za \u201eTurkiye Today\u201c. Rama je tako\u0111e upozorio da bi svaka egzistencijalna pretnja Kosovu tako\u0111e uticala na postojanje bilo kakve opasnosti za Kosovo. pogo\u0111ena je, [&hellip;]<\/p>\n","protected":false},"author":1,"featured_media":22571,"comment_status":"open","ping_status":"open","sticky":false,"template":"","format":"standard","meta":{"footnotes":""},"categories":[14],"tags":[456],"class_list":["post-22570","post","type-post","status-publish","format-standard","has-post-thumbnail","hentry","category-nacionalne","tag-aktualnost"],"views":24,"_links":{"self":[{"href":"https:\/\/prizrenpost.com\/ba\/wp-json\/wp\/v2\/posts\/22570","targetHints":{"allow":["GET"]}}],"collection":[{"href":"https:\/\/prizrenpost.com\/ba\/wp-json\/wp\/v2\/posts"}],"about":[{"href":"https:\/\/prizrenpost.com\/ba\/wp-json\/wp\/v2\/types\/post"}],"author":[{"embeddable":true,"href":"https:\/\/prizrenpost.com\/ba\/wp-json\/wp\/v2\/users\/1"}],"replies":[{"embeddable":true,"href":"https:\/\/prizrenpost.com\/ba\/wp-json\/wp\/v2\/comments?post=22570"}],"version-history":[{"count":1,"href":"https:\/\/prizrenpost.com\/ba\/wp-json\/wp\/v2\/posts\/22570\/revisions"}],"predecessor-version":[{"id":22572,"href":"https:\/\/prizrenpost.com\/ba\/wp-json\/wp\/v2\/posts\/22570\/revisions\/22572"}],"wp:featuredmedia":[{"embeddable":true,"href":"https:\/\/prizrenpost.com\/ba\/wp-json\/wp\/v2\/media\/22571"}],"wp:attachment":[{"href":"https:\/\/prizrenpost.com\/ba\/wp-json\/wp\/v2\/media?parent=22570"}],"wp:term":[{"taxonomy":"category","embeddable":true,"href":"https:\/\/prizrenpost.com\/ba\/wp-json\/wp\/v2\/categories?post=22570"},{"taxonomy":"post_tag","embeddable":true,"href":"https:\/\/prizrenpost.com\/ba\/wp-json\/wp\/v2\/tags?post=22570"}],"curies":[{"name":"wp","href":"https:\/\/api.w.org\/{rel}","templated":true}]}}