{"id":2697,"date":"2019-03-25T08:09:19","date_gmt":"2019-03-25T07:09:19","guid":{"rendered":"https:\/\/prizrenpost.com\/ba\/?p=2697"},"modified":"2019-03-25T08:09:19","modified_gmt":"2019-03-25T07:09:19","slug":"fhp-institucije-srbije-da-osiguraju-pravdu-zrtvama-sa-kosova","status":"publish","type":"post","link":"https:\/\/prizrenpost.com\/ba\/fhp-institucije-srbije-da-osiguraju-pravdu-zrtvama-sa-kosova\/","title":{"rendered":"FHP: Institucije Srbije da osiguraju pravdu \u017ertvama sa Kosova"},"content":{"rendered":"<p><img decoding=\"async\" src=\"https:\/\/prizrenpost.com\/ba\/wp-content\/uploads\/izbjeglice-kosovo.jpg\" alt=\"\" width=\"100%\" height=\"\" class=\"alignleft size-full wp-image-2698\" srcset=\"https:\/\/prizrenpost.com\/ba\/wp-content\/uploads\/izbjeglice-kosovo.jpg 672w, https:\/\/prizrenpost.com\/ba\/wp-content\/uploads\/izbjeglice-kosovo-300x158.jpg 300w\" sizes=\"(max-width: 672px) 100vw, 672px\" \/><\/p>\n<p><strong>Fond za humanitarno pravo (FHP) pozvao je institucije dr\u017eave Srbije da \u017ertvama zlo\u010dina na Kosovu osiguraju pravdu procesuiranjem odgovornih za zlo\u010dine i javnim sje\u0107anjem na njihovo stradanje.<\/strong><\/p>\n<p>FHP je u saop\u0161tenju ocijenio da se danas navr\u0161ava 20 godina od po\u010detka sistematske akcije etni\u010dkog \u010di\u0161\u0107enja i nasilja nad kosovskim Albancima, sprovedene od strane oru\u017eanih snaga srpske vojske i policije tokom NATO intervencije na Saveznu Republiku Jugoslaviju (SRJ). <\/p>\n<p>Prema podacima FHP-a Srbija i FHP Kosovo, u periodu od 20. marta do 14. juna 1999. godine, srpske snage su na Kosovu ubile 6.872 Albanska civila. Me\u0111unarodni krivi\u010dni sud za biv\u0161u Jugoslaviju (MKSJ) utvrdio je da je preko 800.000 albanskih civila deportovano, neutvr\u0111en broj osoba bio je izlo\u017een torturi i seksualnom zlostavljanju, a uni\u0161ten je i oplja\u010dkan zna\u010dajan dio imovine i religijskih objekata kosovskih Albanaca. FHP je naveo da su do danas na teritoriji Srbije otkrivene masovne grobnice sa 941 tjelom Albanaca ubijenih na Kosovu 1999. godine.<\/p>\n<p>&#8220;Su\u0111enja pred sudovima u Srbiji jo\u0161 uvijek ne odra\u017eavaju obim i karakter po\u010dinjenih zlo\u010dina nad kosovskim Albancima. U postupcima pred specijalizovanim i sudovima op\u0161te nadle\u017enosti procesuirani su zlo\u010dini u kojima je ubijeno samo oko 200 \u017ertava&#8221;, saop\u0161tio je FHP i dodao da je upadljiv i izostanak procesuiranja visokopozicioniranih vojnih i policijskih oficira. <\/p>\n<p>FHP je ponovo apelovao na vlasti u Srbiji da se u Batajnici napravi memorijalni centar na mjestu gde su otkrivene masovne grobince, kako bi se odala po\u010dast \u017ertvama. <\/p>\n<p>Izvor: <em>Radio Slobodna Evropa<\/em><\/p>\n","protected":false},"excerpt":{"rendered":"<p>Fond za humanitarno pravo (FHP) pozvao je institucije dr\u017eave Srbije da \u017ertvama zlo\u010dina na Kosovu osiguraju pravdu procesuiranjem odgovornih za zlo\u010dine i javnim sje\u0107anjem na njihovo stradanje. FHP je u saop\u0161tenju ocijenio da se danas navr\u0161ava 20 godina od po\u010detka sistematske akcije etni\u010dkog \u010di\u0161\u0107enja i nasilja nad kosovskim Albancima, sprovedene od strane oru\u017eanih snaga srpske [&hellip;]<\/p>\n","protected":false},"author":1,"featured_media":2698,"comment_status":"open","ping_status":"open","sticky":false,"template":"","format":"standard","meta":{"footnotes":""},"categories":[1],"tags":[456,470,115,231],"class_list":["post-2697","post","type-post","status-publish","format-standard","has-post-thumbnail","hentry","category-vijesti","tag-aktualnost","tag-fond-za-humanitarno-prav","tag-kosova","tag-srbija"],"views":1261,"_links":{"self":[{"href":"https:\/\/prizrenpost.com\/ba\/wp-json\/wp\/v2\/posts\/2697","targetHints":{"allow":["GET"]}}],"collection":[{"href":"https:\/\/prizrenpost.com\/ba\/wp-json\/wp\/v2\/posts"}],"about":[{"href":"https:\/\/prizrenpost.com\/ba\/wp-json\/wp\/v2\/types\/post"}],"author":[{"embeddable":true,"href":"https:\/\/prizrenpost.com\/ba\/wp-json\/wp\/v2\/users\/1"}],"replies":[{"embeddable":true,"href":"https:\/\/prizrenpost.com\/ba\/wp-json\/wp\/v2\/comments?post=2697"}],"version-history":[{"count":1,"href":"https:\/\/prizrenpost.com\/ba\/wp-json\/wp\/v2\/posts\/2697\/revisions"}],"predecessor-version":[{"id":2699,"href":"https:\/\/prizrenpost.com\/ba\/wp-json\/wp\/v2\/posts\/2697\/revisions\/2699"}],"wp:featuredmedia":[{"embeddable":true,"href":"https:\/\/prizrenpost.com\/ba\/wp-json\/wp\/v2\/media\/2698"}],"wp:attachment":[{"href":"https:\/\/prizrenpost.com\/ba\/wp-json\/wp\/v2\/media?parent=2697"}],"wp:term":[{"taxonomy":"category","embeddable":true,"href":"https:\/\/prizrenpost.com\/ba\/wp-json\/wp\/v2\/categories?post=2697"},{"taxonomy":"post_tag","embeddable":true,"href":"https:\/\/prizrenpost.com\/ba\/wp-json\/wp\/v2\/tags?post=2697"}],"curies":[{"name":"wp","href":"https:\/\/api.w.org\/{rel}","templated":true}]}}