{"id":2719,"date":"2023-07-06T18:27:43","date_gmt":"2023-07-06T16:27:43","guid":{"rendered":"https:\/\/prizrenpost.com\/ba\/?p=2719"},"modified":"2023-07-08T14:28:55","modified_gmt":"2023-07-08T12:28:55","slug":"odnosi-sa-ramom-naruseni-ali-ce-se-uskoro-sastati-sa-kurtijem","status":"publish","type":"post","link":"https:\/\/prizrenpost.com\/ba\/odnosi-sa-ramom-naruseni-ali-ce-se-uskoro-sastati-sa-kurtijem\/","title":{"rendered":"Odnosi sa Ramom naru\u0161eni, ali \u0107e se uskoro sastati sa Kurtijem"},"content":{"rendered":"<p><img decoding=\"async\" src=\"https:\/\/prizrenpost.com\/ba\/wp-content\/uploads\/konjufca.png\" alt=\"\" width=\"100%\" height=\"\" class=\"alignnone size-full wp-image-2720\" srcset=\"https:\/\/prizrenpost.com\/ba\/wp-content\/uploads\/konjufca.png 600w, https:\/\/prizrenpost.com\/ba\/wp-content\/uploads\/konjufca-300x168.png 300w\" sizes=\"(max-width: 600px) 100vw, 600px\" \/><\/p>\n<p><strong>PRI\u0160TINA &#8211; Predsjednik parlamenta Gljauk Konjufca izjavio je da su odnosi premijera Aljbin Kurtija sa premijerom Albanije Edijem Ramom povrije\u0111eni, ali prema njegovim rije\u010dima, nisu toliko pogor\u0161ani da se ne bi sreli.<\/strong><\/p>\n<p>On je u \u010detvrtak medijima rekao da \u0107e se Kurti \u201cuskoro\u201d sastati sa Ramom, jer bi to, prema njegovim rije\u010dima, trebalo sagledati iz ugla interesa izme\u0111u dvije zemlje.<\/p>\n<p>\u201cUskoro \u0107e to biti popravljeno, uskoro \u0107e se sastati\u201d, rekao je.<\/p>\n<p>\u201e\u2026Kosovo je uvek \u010dinilo ogromne korake u svom cilju, u svakom trenutku, sve dok je Republika Albanija ostala. Se\u0107am se samo 2-3 momenta iz 90-ih, \u010dak i za vreme predsednika Rugove, kada je Albanija nai\u0161la na Kosovo. To su bili vrlo rijetki slu\u010dajevi\u201d, izjavio je Konjufca.<\/p>\n<p>Predsednik Skup\u0161tine je pomenuo \u201ckrizu\u201d koju je, prema njegovim re\u010dima, Kosovo imalo sa Albanijom<\/p>\n<p>\u201eBilo je samo jedan ili dva krizna momenta, kada je albanski premijer i\u0161ao protiv predsednika ili ministara\u2026 imali smo krizu 2017. godine, kada se \u010dinilo da je za Kosovo i Republika Albanija na putu. strani teritorijalne razmjene. Mislim da je to \u0161tetilo Republici Kosovo. Mislim da mu je i ideja \u2018Otvorenog Balkana\u2019 nanijela \u0161tetu. Jer ovo je druga\u010dije od onoga \u0161to treba Kosovu. A sada je tre\u0107e \u0161ta \u0161teti Republici Kosovo, kada smo mi u pravu i gde nas ni Republika Albanija ne razume. Od ovoga nema pozitivnih stvari, sa ovim pozicijama Kosovo mo\u017ee samo da bude o\u0161te\u0107eno\u201d.\/kosova.info<\/p>\n","protected":false},"excerpt":{"rendered":"<p>PRI\u0160TINA &#8211; Predsjednik parlamenta Gljauk Konjufca izjavio je da su odnosi premijera Aljbin Kurtija sa premijerom Albanije Edijem Ramom povrije\u0111eni, ali prema njegovim rije\u010dima, nisu toliko pogor\u0161ani da se ne bi sreli. On je u \u010detvrtak medijima rekao da \u0107e se Kurti \u201cuskoro\u201d sastati sa Ramom, jer bi to, prema njegovim rije\u010dima, trebalo sagledati iz [&hellip;]<\/p>\n","protected":false},"author":1,"featured_media":2720,"comment_status":"open","ping_status":"open","sticky":false,"template":"","format":"standard","meta":{"footnotes":""},"categories":[14],"tags":[456,401,437,479,115],"class_list":["post-2719","post","type-post","status-publish","format-standard","has-post-thumbnail","hentry","category-nacionalne","tag-aktualnost","tag-albanija","tag-edi-rama","tag-glauk-konjufca","tag-kosova"],"views":504,"_links":{"self":[{"href":"https:\/\/prizrenpost.com\/ba\/wp-json\/wp\/v2\/posts\/2719","targetHints":{"allow":["GET"]}}],"collection":[{"href":"https:\/\/prizrenpost.com\/ba\/wp-json\/wp\/v2\/posts"}],"about":[{"href":"https:\/\/prizrenpost.com\/ba\/wp-json\/wp\/v2\/types\/post"}],"author":[{"embeddable":true,"href":"https:\/\/prizrenpost.com\/ba\/wp-json\/wp\/v2\/users\/1"}],"replies":[{"embeddable":true,"href":"https:\/\/prizrenpost.com\/ba\/wp-json\/wp\/v2\/comments?post=2719"}],"version-history":[{"count":1,"href":"https:\/\/prizrenpost.com\/ba\/wp-json\/wp\/v2\/posts\/2719\/revisions"}],"predecessor-version":[{"id":2721,"href":"https:\/\/prizrenpost.com\/ba\/wp-json\/wp\/v2\/posts\/2719\/revisions\/2721"}],"wp:featuredmedia":[{"embeddable":true,"href":"https:\/\/prizrenpost.com\/ba\/wp-json\/wp\/v2\/media\/2720"}],"wp:attachment":[{"href":"https:\/\/prizrenpost.com\/ba\/wp-json\/wp\/v2\/media?parent=2719"}],"wp:term":[{"taxonomy":"category","embeddable":true,"href":"https:\/\/prizrenpost.com\/ba\/wp-json\/wp\/v2\/categories?post=2719"},{"taxonomy":"post_tag","embeddable":true,"href":"https:\/\/prizrenpost.com\/ba\/wp-json\/wp\/v2\/tags?post=2719"}],"curies":[{"name":"wp","href":"https:\/\/api.w.org\/{rel}","templated":true}]}}