{"id":29206,"date":"2026-04-15T08:55:51","date_gmt":"2026-04-15T06:55:51","guid":{"rendered":"https:\/\/prizrenpost.com\/ba\/uhapsen-u-kosovu-polju-trazen-zbog-pljacke-osudjen-na-preko-3-godine-zatvora\/"},"modified":"2026-04-15T08:55:52","modified_gmt":"2026-04-15T06:55:52","slug":"uhapsen-u-kosovu-polju-trazen-zbog-pljacke-osudjen-na-preko-3-godine-zatvora","status":"publish","type":"post","link":"https:\/\/prizrenpost.com\/ba\/uhapsen-u-kosovu-polju-trazen-zbog-pljacke-osudjen-na-preko-3-godine-zatvora\/","title":{"rendered":"Uhap\u0161en u Kosovu Polju, tra\u017een zbog plja\u010dke, osu\u0111en na preko 3 godine zatvora"},"content":{"rendered":"<p><img decoding=\"async\" src=\"https:\/\/prizrenpost.com\/ba\/wp-content\/uploads\/grabitje-me-arm-euml-si-n-euml-p-euml-r-filma_hd-1200x630-1.jpg\" style=\"width:100%;height:auto;margin-bottom:20px\"><\/p>\n<p>Policija regiona Pri\u0161tina je intenzivirala operativne akcije u cilju hap\u0161enja osumnji\u010denih lica i osu\u0111enih za razli\u010dita krivi\u010dna dela.<\/p>\n<p>U okviru ovih aktivnosti uspe\u0161no su izveli policijski slu\u017ebenici stanice u Kosovu Polju, koji su uspeli da uhapse tra\u017eeno lice zbog krivi\u010dnog dela.<\/p>\n<p> radi se o licu razbojni\u0161tva.&gt;. mu\u0161karac, koji je prema odluci suda upu\u0107en na izdr\u017eavanje kazne zatvora u trajanju od 3 godine i 3 mjeseca.<\/p>\n<p>Policija je najavila da \u0107e se akcije hvatanja tra\u017eenih osoba nastaviti i narednih dana, u cilju pove\u0107anja javne sigurnosti i provo\u0111enja zakona.<\/p>\n<p>Koristimo kola\u010di\u0107e za pobolj\u0161anje iskustva i prikazivanje reklama (Google AdSense).<br \/>\n          Klikom na &#8220;Prihvati&#8221;, pristajete na kori\u0161tenje kola\u010di\u0107a u skladu sa<br \/>\n          Politika privatnosti<br \/>\n          i<br \/>\n          Politika kola\u010di\u0107a.<br \/>\n          Nepotrebne kola\u010di\u0107e mo\u017eete odbiti klikom na &#8220;Odbij&#8221;.<\/p>\n<hr style=\"margin:30px 0\">\n<p style=\"font-size:13px;color:#666\">Izvor: <strong>prizrenpost<\/strong><\/p>\n","protected":false},"excerpt":{"rendered":"<p>Policija regiona Pri\u0161tina je intenzivirala operativne akcije u cilju hap\u0161enja osumnji\u010denih lica i osu\u0111enih za razli\u010dita krivi\u010dna dela. U okviru ovih aktivnosti uspe\u0161no su izveli policijski slu\u017ebenici stanice u Kosovu Polju, koji su uspeli da uhapse tra\u017eeno lice zbog krivi\u010dnog dela. radi se o licu razbojni\u0161tva.&gt;. mu\u0161karac, koji je prema odluci suda upu\u0107en na izdr\u017eavanje [&hellip;]<\/p>\n","protected":false},"author":1,"featured_media":29207,"comment_status":"open","ping_status":"open","sticky":false,"template":"","format":"standard","meta":{"footnotes":""},"categories":[17],"tags":[],"class_list":["post-29206","post","type-post","status-publish","format-standard","has-post-thumbnail","hentry","category-17"],"views":19,"_links":{"self":[{"href":"https:\/\/prizrenpost.com\/ba\/wp-json\/wp\/v2\/posts\/29206","targetHints":{"allow":["GET"]}}],"collection":[{"href":"https:\/\/prizrenpost.com\/ba\/wp-json\/wp\/v2\/posts"}],"about":[{"href":"https:\/\/prizrenpost.com\/ba\/wp-json\/wp\/v2\/types\/post"}],"author":[{"embeddable":true,"href":"https:\/\/prizrenpost.com\/ba\/wp-json\/wp\/v2\/users\/1"}],"replies":[{"embeddable":true,"href":"https:\/\/prizrenpost.com\/ba\/wp-json\/wp\/v2\/comments?post=29206"}],"version-history":[{"count":1,"href":"https:\/\/prizrenpost.com\/ba\/wp-json\/wp\/v2\/posts\/29206\/revisions"}],"predecessor-version":[{"id":29208,"href":"https:\/\/prizrenpost.com\/ba\/wp-json\/wp\/v2\/posts\/29206\/revisions\/29208"}],"wp:featuredmedia":[{"embeddable":true,"href":"https:\/\/prizrenpost.com\/ba\/wp-json\/wp\/v2\/media\/29207"}],"wp:attachment":[{"href":"https:\/\/prizrenpost.com\/ba\/wp-json\/wp\/v2\/media?parent=29206"}],"wp:term":[{"taxonomy":"category","embeddable":true,"href":"https:\/\/prizrenpost.com\/ba\/wp-json\/wp\/v2\/categories?post=29206"},{"taxonomy":"post_tag","embeddable":true,"href":"https:\/\/prizrenpost.com\/ba\/wp-json\/wp\/v2\/tags?post=29206"}],"curies":[{"name":"wp","href":"https:\/\/api.w.org\/{rel}","templated":true}]}}