{"id":29230,"date":"2026-04-15T10:55:29","date_gmt":"2026-04-15T08:55:29","guid":{"rendered":"https:\/\/prizrenpost.com\/ba\/demonstranti-ometaju-vanceov-govor-na-konferenciji-tpusa-isus-krist-ne-podrzava-genocid\/"},"modified":"2026-04-15T10:55:29","modified_gmt":"2026-04-15T08:55:29","slug":"demonstranti-ometaju-vanceov-govor-na-konferenciji-tpusa-isus-krist-ne-podrzava-genocid","status":"publish","type":"post","link":"https:\/\/prizrenpost.com\/ba\/demonstranti-ometaju-vanceov-govor-na-konferenciji-tpusa-isus-krist-ne-podrzava-genocid\/","title":{"rendered":"Demonstranti ometaju Vanceov govor na konferenciji TPUSA: &#8220;Isus Krist ne podr\u017eava genocid!&#8221;"},"content":{"rendered":"<p><img decoding=\"async\" src=\"https:\/\/prizrenpost.com\/ba\/wp-content\/uploads\/14israel-iran-JD-lgzf-jumbo.jpg\" style=\"width:100%;height:auto;margin-bottom:20px\"><\/p>\n<p>Govor potpredsjednika SAD J.D. Vancea na Turning Point USA konferenciji u Gruziji nekoliko puta su prekidali demonstranti koji se protive izraelskom ratu u Gazi.<\/p>\n<p>Tokom njegovog govora, jedan demonstrant je povikao: &#8220;Isus Krist ne podr\u017eava genocid!&#8221;, potaknuv\u0161i odgovor Vensa, koji je odgovorio: &#8220;Ja se ne sla\u017eem s genocidom&#8230; naravno, Isus ne podr\u017eava genocid.&#8221; Vance je tada istakao da je administracija Donalda Trumpa posredovala u prekidu vatre u Gazi, dodaju\u0107i: &#8220;Mi smo administracija koja je rije\u0161ila problem.&#8221; U drugom trenutku, drugi demonstrant ga je prekinuo vi\u010du\u0107i: &#8220;Ubijate djecu! Bombardujete djecu!&#8221; kako su tenzije u prostoriji rasle tokom doga\u0111aja. \/message<\/p>\n<p>Koristimo kola\u010di\u0107e za pobolj\u0161anje iskustva i za prikaz oglasa (Google AdSense).<br \/>\n          Klikom na &#8220;Prihvati&#8221;, pristajete na kori\u0161tenje kola\u010di\u0107a u skladu sa<br \/>\n          Politika privatnosti<br \/>\n          i<br \/>\n          Politika kola\u010di\u0107a.<br \/>\n          Nepotrebne kola\u010di\u0107e mo\u017eete odbiti klikom na &#8220;Odbij&#8221;.<\/p>\n<hr style=\"margin:30px 0\">\n<p style=\"font-size:13px;color:#666\">Izvor: <strong>prizrenpost<\/strong><\/p>\n","protected":false},"excerpt":{"rendered":"<p>Govor potpredsjednika SAD J.D. Vancea na Turning Point USA konferenciji u Gruziji nekoliko puta su prekidali demonstranti koji se protive izraelskom ratu u Gazi. Tokom njegovog govora, jedan demonstrant je povikao: &#8220;Isus Krist ne podr\u017eava genocid!&#8221;, potaknuv\u0161i odgovor Vensa, koji je odgovorio: &#8220;Ja se ne sla\u017eem s genocidom&#8230; naravno, Isus ne podr\u017eava genocid.&#8221; Vance je [&hellip;]<\/p>\n","protected":false},"author":1,"featured_media":29231,"comment_status":"open","ping_status":"open","sticky":false,"template":"","format":"standard","meta":{"footnotes":""},"categories":[24],"tags":[456],"class_list":["post-29230","post","type-post","status-publish","format-standard","has-post-thumbnail","hentry","category-svijet","tag-aktualnost"],"views":21,"_links":{"self":[{"href":"https:\/\/prizrenpost.com\/ba\/wp-json\/wp\/v2\/posts\/29230","targetHints":{"allow":["GET"]}}],"collection":[{"href":"https:\/\/prizrenpost.com\/ba\/wp-json\/wp\/v2\/posts"}],"about":[{"href":"https:\/\/prizrenpost.com\/ba\/wp-json\/wp\/v2\/types\/post"}],"author":[{"embeddable":true,"href":"https:\/\/prizrenpost.com\/ba\/wp-json\/wp\/v2\/users\/1"}],"replies":[{"embeddable":true,"href":"https:\/\/prizrenpost.com\/ba\/wp-json\/wp\/v2\/comments?post=29230"}],"version-history":[{"count":1,"href":"https:\/\/prizrenpost.com\/ba\/wp-json\/wp\/v2\/posts\/29230\/revisions"}],"predecessor-version":[{"id":29232,"href":"https:\/\/prizrenpost.com\/ba\/wp-json\/wp\/v2\/posts\/29230\/revisions\/29232"}],"wp:featuredmedia":[{"embeddable":true,"href":"https:\/\/prizrenpost.com\/ba\/wp-json\/wp\/v2\/media\/29231"}],"wp:attachment":[{"href":"https:\/\/prizrenpost.com\/ba\/wp-json\/wp\/v2\/media?parent=29230"}],"wp:term":[{"taxonomy":"category","embeddable":true,"href":"https:\/\/prizrenpost.com\/ba\/wp-json\/wp\/v2\/categories?post=29230"},{"taxonomy":"post_tag","embeddable":true,"href":"https:\/\/prizrenpost.com\/ba\/wp-json\/wp\/v2\/tags?post=29230"}],"curies":[{"name":"wp","href":"https:\/\/api.w.org\/{rel}","templated":true}]}}